{"id":179,"date":"2021-04-05T22:21:37","date_gmt":"2021-04-05T20:21:37","guid":{"rendered":"http:\/\/jeromegrandieresphotos.fr\/?p=179"},"modified":"2025-06-04T21:57:55","modified_gmt":"2025-06-04T19:57:55","slug":"ferte-alais-2019","status":"publish","type":"post","link":"https:\/\/jeromegrandieresphotos.fr\/index.php\/2021\/04\/05\/ferte-alais-2019\/","title":{"rendered":"Fert\u00e9 Alais 2019"},"content":{"rendered":"\n<p>Comme tous les ans cet \u00e9v\u00e9nement a\u00e9ronautique a lieu \u00e0 la Pentec\u00f4te sur le plateau de Cerny. C&rsquo;est un meeting incontournable pour tous les passionn\u00e9s de l&rsquo;aviation. On peut y voir des avions de toutes les \u00e9poques , du Bl\u00e9riot XI au Rafale . C&rsquo;est un r\u00e9sum\u00e9 de l&rsquo;histoire de l&rsquo;aviation, narr\u00e9 chaque ann\u00e9e par Bernard Chabbert .<\/p>\n\n\n\n<div class=\"wp-block-columns\">\n<div class=\"wp-block-column\" style=\"flex-basis:100%\">\n<p><\/p>\n<\/div>\n<\/div>\n\n\n\n<div class=\"wp-block-group\"><div class=\"wp-block-group__inner-container\">\n<div class=\"wp-block-columns\">\n<div class=\"wp-block-column\" style=\"flex-basis:100%\">\n<figure class=\"wp-block-gallery columns-1 is-cropped\"><ul class=\"blocks-gallery-grid\"><li class=\"blocks-gallery-item\"><figure><a href=\"http:\/\/jeromegrandieresphotos.fr\/wp-content\/uploads\/2021\/04\/85A7206-2-scaled.jpg\"><img src=\"http:\/\/jeromegrandieresphotos.fr\/wp-content\/uploads\/2021\/04\/85A7206-2-1024x683.jpg\" alt=\"\" data-id=\"183\" data-full-url=\"http:\/\/jeromegrandieresphotos.fr\/wp-content\/uploads\/2021\/04\/85A7206-2-scaled.jpg\" data-link=\"http:\/\/jeromegrandieresphotos.fr\/index.php\/2021\/04\/05\/ferte-alais-2019\/85a7206-2\/\" class=\"wp-image-183\"\/><\/a><\/figure><\/li><\/ul><\/figure>\n<\/div>\n<\/div>\n<\/div><\/div>\n","protected":false},"excerpt":{"rendered":"<p>Comme tous les ans cet \u00e9v\u00e9nement a\u00e9ronautique a lieu \u00e0 la Pentec\u00f4te sur le plateau de Cerny. C&rsquo;est un meeting<\/p>\n","protected":false},"author":1,"featured_media":180,"comment_status":"closed","ping_status":"open","sticky":false,"template":"","format":"standard","meta":{"pgc_sgb_lightbox_settings":""},"categories":[1],"tags":[],"_links":{"self":[{"href":"https:\/\/jeromegrandieresphotos.fr\/index.php\/wp-json\/wp\/v2\/posts\/179"}],"collection":[{"href":"https:\/\/jeromegrandieresphotos.fr\/index.php\/wp-json\/wp\/v2\/posts"}],"about":[{"href":"https:\/\/jeromegrandieresphotos.fr\/index.php\/wp-json\/wp\/v2\/types\/post"}],"author":[{"embeddable":true,"href":"https:\/\/jeromegrandieresphotos.fr\/index.php\/wp-json\/wp\/v2\/users\/1"}],"replies":[{"embeddable":true,"href":"https:\/\/jeromegrandieresphotos.fr\/index.php\/wp-json\/wp\/v2\/comments?post=179"}],"version-history":[{"count":8,"href":"https:\/\/jeromegrandieresphotos.fr\/index.php\/wp-json\/wp\/v2\/posts\/179\/revisions"}],"predecessor-version":[{"id":751,"href":"https:\/\/jeromegrandieresphotos.fr\/index.php\/wp-json\/wp\/v2\/posts\/179\/revisions\/751"}],"wp:featuredmedia":[{"embeddable":true,"href":"https:\/\/jeromegrandieresphotos.fr\/index.php\/wp-json\/wp\/v2\/media\/180"}],"wp:attachment":[{"href":"https:\/\/jeromegrandieresphotos.fr\/index.php\/wp-json\/wp\/v2\/media?parent=179"}],"wp:term":[{"taxonomy":"category","embeddable":true,"href":"https:\/\/jeromegrandieresphotos.fr\/index.php\/wp-json\/wp\/v2\/categories?post=179"},{"taxonomy":"post_tag","embeddable":true,"href":"https:\/\/jeromegrandieresphotos.fr\/index.php\/wp-json\/wp\/v2\/tags?post=179"}],"curies":[{"name":"wp","href":"https:\/\/api.w.org\/{rel}","templated":true}]}}