{"id":374,"date":"2023-05-21T18:59:39","date_gmt":"2023-05-21T16:59:39","guid":{"rendered":"http:\/\/jeromegrandieresphotos.fr\/?p=374"},"modified":"2025-06-04T21:57:55","modified_gmt":"2025-06-04T19:57:55","slug":"aeropassion-blois-vendome-25-ans-de-flibuste","status":"publish","type":"post","link":"https:\/\/jeromegrandieresphotos.fr\/index.php\/2023\/05\/21\/aeropassion-blois-vendome-25-ans-de-flibuste\/","title":{"rendered":"A\u00e9ropassion Blois Vendome: 25 ans de flibuste"},"content":{"rendered":"\n<p>Le samedi 13 mai, les \u00ab\u00a0Pirates du Breuil\u00a0\u00bb, comme ils se surnomment, ont f\u00eat\u00e9 dignement, lors de leur Fly in annuel, les 25 ans de l&rsquo;association A\u00e9ropassion Blois Vend\u00f4me.<\/p>\n\n\n\n<p>A\u00e9ropassion Blois Vend\u00f4me c&rsquo;est un groupe de passionn\u00e9s qui se retrouvent dans leur repaire, la zone sud de l&rsquo;a\u00e9roport de Blois. Leur acte de piraterie: voler ;  mais dans le sens noble du terme, c&rsquo;est \u00e0 dire \u00e9cumer les cieux avec les avions qu&rsquo;ils ont restaur\u00e9, r\u00e9nov\u00e9, bichonn\u00e9.   <\/p>\n\n\n\n<p>Soutenu par le RSA ( R\u00e9seau du Sport de l&rsquo;Air ), ce Fly in  souhaite montrer le dynamisme d&rsquo;A\u00e9ropassion Blois Vend\u00f4me et le travail r\u00e9alis\u00e9 sur les diff\u00e9rents appareils qu&rsquo;ils ont restaur\u00e9.  Au sein de cette association, on retrouve Aerodyne Cachan, association provenant de l&rsquo;IUT de Cachan qui  intervient parfois sur les avions et L&rsquo;ACAVL qui abrite des avions du RSA .  <\/p>\n\n\n\n<p>Le Fly in de Blois est le week end de l&rsquo;ann\u00e9e ou les amis se retrouvent pour partager un bon moment au repaire des pirates du Breuil et entamer la saison a\u00e9ronautique.<\/p>\n\n\n\n<p><strong>Un plateau a\u00e9rien digne d&rsquo;un meeting<\/strong><\/p>\n\n\n\n<p>La s\u00e9curit\u00e9 \u00e9tant primordiale quelques \u00e9quipages n&rsquo;ont pu venir en raison d&rsquo;une mauvaise m\u00e9t\u00e9o dans leurs r\u00e9gions, mais ce n&rsquo;est pas moins de 50 avions qui \u00e9taient pr\u00e9sents sur la plateforme . Certains meetings auraient aim\u00e9 avoir ces tr\u00e9sors volants qui ont accost\u00e9 sur l&rsquo;ilot des Pirates du Breuil.<\/p>\n\n\n\n<div class=\"wp-block-columns\">\n<div class=\"wp-block-column\">\n<figure class=\"wp-block-gallery columns-1 is-cropped\"><ul class=\"blocks-gallery-grid\"><li class=\"blocks-gallery-item\"><figure><img loading=\"lazy\" width=\"1024\" height=\"683\" src=\"http:\/\/jeromegrandieresphotos.fr\/wp-content\/uploads\/2023\/05\/V2A5138-1024x683.jpg\" alt=\"\" data-id=\"416\" data-full-url=\"http:\/\/jeromegrandieresphotos.fr\/wp-content\/uploads\/2023\/05\/V2A5138.jpg\" data-link=\"http:\/\/jeromegrandieresphotos.fr\/?attachment_id=416\" class=\"wp-image-416\" srcset=\"https:\/\/jeromegrandieresphotos.fr\/wp-content\/uploads\/2023\/05\/V2A5138-1024x683.jpg 1024w, https:\/\/jeromegrandieresphotos.fr\/wp-content\/uploads\/2023\/05\/V2A5138-300x200.jpg 300w, https:\/\/jeromegrandieresphotos.fr\/wp-content\/uploads\/2023\/05\/V2A5138-768x512.jpg 768w, https:\/\/jeromegrandieresphotos.fr\/wp-content\/uploads\/2023\/05\/V2A5138-1536x1025.jpg 1536w, https:\/\/jeromegrandieresphotos.fr\/wp-content\/uploads\/2023\/05\/V2A5138-600x400.jpg 600w, https:\/\/jeromegrandieresphotos.fr\/wp-content\/uploads\/2023\/05\/V2A5138.jpg 2000w\" sizes=\"(max-width: 1024px) 100vw, 1024px\" \/><figcaption class=\"blocks-gallery-item__caption\">Sous la banni\u00e8re des Pirates du Breuil , les avions commencent \u00e0 s&rsquo;installer<br><\/figcaption><\/figure><\/li><\/ul><\/figure>\n<\/div>\n<\/div>\n\n\n\n<div class=\"wp-block-columns\">\n<div class=\"wp-block-column\">\n<figure class=\"wp-block-image size-large\"><img loading=\"lazy\" width=\"1024\" height=\"682\" src=\"http:\/\/jeromegrandieresphotos.fr\/wp-content\/uploads\/2023\/05\/V2A5680-1-1024x682.jpg\" alt=\"\" class=\"wp-image-388\" srcset=\"https:\/\/jeromegrandieresphotos.fr\/wp-content\/uploads\/2023\/05\/V2A5680-1-1024x682.jpg 1024w, https:\/\/jeromegrandieresphotos.fr\/wp-content\/uploads\/2023\/05\/V2A5680-1-300x200.jpg 300w, https:\/\/jeromegrandieresphotos.fr\/wp-content\/uploads\/2023\/05\/V2A5680-1-768x512.jpg 768w, https:\/\/jeromegrandieresphotos.fr\/wp-content\/uploads\/2023\/05\/V2A5680-1-1536x1024.jpg 1536w, https:\/\/jeromegrandieresphotos.fr\/wp-content\/uploads\/2023\/05\/V2A5680-1-600x400.jpg 600w, https:\/\/jeromegrandieresphotos.fr\/wp-content\/uploads\/2023\/05\/V2A5680-1.jpg 2000w\" sizes=\"(max-width: 1024px) 100vw, 1024px\" \/><\/figure>\n<\/div>\n\n\n\n<div class=\"wp-block-column\">\n<figure class=\"wp-block-image size-large\"><img loading=\"lazy\" width=\"1024\" height=\"682\" src=\"http:\/\/jeromegrandieresphotos.fr\/wp-content\/uploads\/2023\/05\/V2A5037-1-1024x682.jpg\" alt=\"\" class=\"wp-image-389\" srcset=\"https:\/\/jeromegrandieresphotos.fr\/wp-content\/uploads\/2023\/05\/V2A5037-1-1024x682.jpg 1024w, https:\/\/jeromegrandieresphotos.fr\/wp-content\/uploads\/2023\/05\/V2A5037-1-300x200.jpg 300w, https:\/\/jeromegrandieresphotos.fr\/wp-content\/uploads\/2023\/05\/V2A5037-1-768x512.jpg 768w, https:\/\/jeromegrandieresphotos.fr\/wp-content\/uploads\/2023\/05\/V2A5037-1-1536x1024.jpg 1536w, https:\/\/jeromegrandieresphotos.fr\/wp-content\/uploads\/2023\/05\/V2A5037-1-600x400.jpg 600w, https:\/\/jeromegrandieresphotos.fr\/wp-content\/uploads\/2023\/05\/V2A5037-1.jpg 2000w\" sizes=\"(max-width: 1024px) 100vw, 1024px\" \/><\/figure>\n<\/div>\n\n\n\n<div class=\"wp-block-column\">\n<figure class=\"wp-block-image size-large\"><img loading=\"lazy\" width=\"1024\" height=\"682\" src=\"http:\/\/jeromegrandieresphotos.fr\/wp-content\/uploads\/2023\/05\/V2A5136-1-1024x682.jpg\" alt=\"\" class=\"wp-image-390\" srcset=\"https:\/\/jeromegrandieresphotos.fr\/wp-content\/uploads\/2023\/05\/V2A5136-1-1024x682.jpg 1024w, https:\/\/jeromegrandieresphotos.fr\/wp-content\/uploads\/2023\/05\/V2A5136-1-300x200.jpg 300w, https:\/\/jeromegrandieresphotos.fr\/wp-content\/uploads\/2023\/05\/V2A5136-1-768x512.jpg 768w, https:\/\/jeromegrandieresphotos.fr\/wp-content\/uploads\/2023\/05\/V2A5136-1-1536x1024.jpg 1536w, https:\/\/jeromegrandieresphotos.fr\/wp-content\/uploads\/2023\/05\/V2A5136-1-600x400.jpg 600w, https:\/\/jeromegrandieresphotos.fr\/wp-content\/uploads\/2023\/05\/V2A5136-1.jpg 2000w\" sizes=\"(max-width: 1024px) 100vw, 1024px\" \/><\/figure>\n<\/div>\n<\/div>\n\n\n\n<div class=\"wp-block-columns\">\n<div class=\"wp-block-column\">\n<figure class=\"wp-block-image size-large\"><img loading=\"lazy\" width=\"1024\" height=\"682\" src=\"http:\/\/jeromegrandieresphotos.fr\/wp-content\/uploads\/2023\/05\/V2A5135-1024x682.jpg\" alt=\"\" class=\"wp-image-391\" srcset=\"https:\/\/jeromegrandieresphotos.fr\/wp-content\/uploads\/2023\/05\/V2A5135-1024x682.jpg 1024w, https:\/\/jeromegrandieresphotos.fr\/wp-content\/uploads\/2023\/05\/V2A5135-300x200.jpg 300w, https:\/\/jeromegrandieresphotos.fr\/wp-content\/uploads\/2023\/05\/V2A5135-768x512.jpg 768w, https:\/\/jeromegrandieresphotos.fr\/wp-content\/uploads\/2023\/05\/V2A5135-1536x1024.jpg 1536w, https:\/\/jeromegrandieresphotos.fr\/wp-content\/uploads\/2023\/05\/V2A5135-600x400.jpg 600w, https:\/\/jeromegrandieresphotos.fr\/wp-content\/uploads\/2023\/05\/V2A5135.jpg 2000w\" sizes=\"(max-width: 1024px) 100vw, 1024px\" \/><\/figure>\n<\/div>\n\n\n\n<div class=\"wp-block-column\">\n<figure class=\"wp-block-image size-large\"><img loading=\"lazy\" width=\"1024\" height=\"682\" src=\"http:\/\/jeromegrandieresphotos.fr\/wp-content\/uploads\/2023\/05\/V2A5130-1024x682.jpg\" alt=\"\" class=\"wp-image-412\" srcset=\"https:\/\/jeromegrandieresphotos.fr\/wp-content\/uploads\/2023\/05\/V2A5130-1024x682.jpg 1024w, https:\/\/jeromegrandieresphotos.fr\/wp-content\/uploads\/2023\/05\/V2A5130-300x200.jpg 300w, https:\/\/jeromegrandieresphotos.fr\/wp-content\/uploads\/2023\/05\/V2A5130-768x512.jpg 768w, https:\/\/jeromegrandieresphotos.fr\/wp-content\/uploads\/2023\/05\/V2A5130-1536x1024.jpg 1536w, https:\/\/jeromegrandieresphotos.fr\/wp-content\/uploads\/2023\/05\/V2A5130-600x400.jpg 600w, https:\/\/jeromegrandieresphotos.fr\/wp-content\/uploads\/2023\/05\/V2A5130.jpg 2000w\" sizes=\"(max-width: 1024px) 100vw, 1024px\" \/><\/figure>\n<\/div>\n\n\n\n<div class=\"wp-block-column\">\n<figure class=\"wp-block-image size-large\"><img loading=\"lazy\" width=\"1024\" height=\"682\" src=\"http:\/\/jeromegrandieresphotos.fr\/wp-content\/uploads\/2023\/05\/V2A5282-1024x682.jpg\" alt=\"\" class=\"wp-image-413\" srcset=\"https:\/\/jeromegrandieresphotos.fr\/wp-content\/uploads\/2023\/05\/V2A5282-1024x682.jpg 1024w, https:\/\/jeromegrandieresphotos.fr\/wp-content\/uploads\/2023\/05\/V2A5282-300x200.jpg 300w, https:\/\/jeromegrandieresphotos.fr\/wp-content\/uploads\/2023\/05\/V2A5282-768x512.jpg 768w, https:\/\/jeromegrandieresphotos.fr\/wp-content\/uploads\/2023\/05\/V2A5282-1536x1024.jpg 1536w, https:\/\/jeromegrandieresphotos.fr\/wp-content\/uploads\/2023\/05\/V2A5282-600x400.jpg 600w, https:\/\/jeromegrandieresphotos.fr\/wp-content\/uploads\/2023\/05\/V2A5282.jpg 2000w\" sizes=\"(max-width: 1024px) 100vw, 1024px\" \/><\/figure>\n<\/div>\n<\/div>\n\n\n\n<div class=\"wp-block-columns\">\n<div class=\"wp-block-column\">\n<figure class=\"wp-block-image size-large\"><img loading=\"lazy\" width=\"1024\" height=\"682\" src=\"http:\/\/jeromegrandieresphotos.fr\/wp-content\/uploads\/2023\/05\/V2A5033-1024x682.jpg\" alt=\"\" class=\"wp-image-414\" srcset=\"https:\/\/jeromegrandieresphotos.fr\/wp-content\/uploads\/2023\/05\/V2A5033-1024x682.jpg 1024w, https:\/\/jeromegrandieresphotos.fr\/wp-content\/uploads\/2023\/05\/V2A5033-300x200.jpg 300w, https:\/\/jeromegrandieresphotos.fr\/wp-content\/uploads\/2023\/05\/V2A5033-768x512.jpg 768w, https:\/\/jeromegrandieresphotos.fr\/wp-content\/uploads\/2023\/05\/V2A5033-1536x1024.jpg 1536w, https:\/\/jeromegrandieresphotos.fr\/wp-content\/uploads\/2023\/05\/V2A5033-600x400.jpg 600w, https:\/\/jeromegrandieresphotos.fr\/wp-content\/uploads\/2023\/05\/V2A5033.jpg 2000w\" sizes=\"(max-width: 1024px) 100vw, 1024px\" \/><\/figure>\n<\/div>\n\n\n\n<div class=\"wp-block-column\">\n<figure class=\"wp-block-image size-large\"><img loading=\"lazy\" width=\"1024\" height=\"683\" src=\"http:\/\/jeromegrandieresphotos.fr\/wp-content\/uploads\/2023\/05\/RY5A7200-1-1024x683.jpg\" alt=\"\" class=\"wp-image-431\" srcset=\"https:\/\/jeromegrandieresphotos.fr\/wp-content\/uploads\/2023\/05\/RY5A7200-1-1024x683.jpg 1024w, https:\/\/jeromegrandieresphotos.fr\/wp-content\/uploads\/2023\/05\/RY5A7200-1-300x200.jpg 300w, https:\/\/jeromegrandieresphotos.fr\/wp-content\/uploads\/2023\/05\/RY5A7200-1-768x512.jpg 768w, https:\/\/jeromegrandieresphotos.fr\/wp-content\/uploads\/2023\/05\/RY5A7200-1-1536x1025.jpg 1536w, https:\/\/jeromegrandieresphotos.fr\/wp-content\/uploads\/2023\/05\/RY5A7200-1-600x400.jpg 600w, https:\/\/jeromegrandieresphotos.fr\/wp-content\/uploads\/2023\/05\/RY5A7200-1.jpg 2000w\" sizes=\"(max-width: 1024px) 100vw, 1024px\" \/><\/figure>\n<\/div>\n<\/div>\n\n\n\n<div class=\"wp-block-columns\">\n<div class=\"wp-block-column\">\n<figure class=\"wp-block-image size-large\"><img loading=\"lazy\" width=\"1024\" height=\"682\" src=\"http:\/\/jeromegrandieresphotos.fr\/wp-content\/uploads\/2023\/05\/RY5A7098-1024x682.jpg\" alt=\"\" class=\"wp-image-434\" srcset=\"https:\/\/jeromegrandieresphotos.fr\/wp-content\/uploads\/2023\/05\/RY5A7098-1024x682.jpg 1024w, https:\/\/jeromegrandieresphotos.fr\/wp-content\/uploads\/2023\/05\/RY5A7098-300x200.jpg 300w, https:\/\/jeromegrandieresphotos.fr\/wp-content\/uploads\/2023\/05\/RY5A7098-768x512.jpg 768w, https:\/\/jeromegrandieresphotos.fr\/wp-content\/uploads\/2023\/05\/RY5A7098-1536x1024.jpg 1536w, https:\/\/jeromegrandieresphotos.fr\/wp-content\/uploads\/2023\/05\/RY5A7098-600x400.jpg 600w, https:\/\/jeromegrandieresphotos.fr\/wp-content\/uploads\/2023\/05\/RY5A7098.jpg 2000w\" sizes=\"(max-width: 1024px) 100vw, 1024px\" \/><\/figure>\n<\/div>\n\n\n\n<div class=\"wp-block-column\">\n<figure class=\"wp-block-image size-large\"><img loading=\"lazy\" width=\"1024\" height=\"682\" src=\"http:\/\/jeromegrandieresphotos.fr\/wp-content\/uploads\/2023\/05\/RY5A6834-1024x682.jpg\" alt=\"\" class=\"wp-image-435\" srcset=\"https:\/\/jeromegrandieresphotos.fr\/wp-content\/uploads\/2023\/05\/RY5A6834-1024x682.jpg 1024w, https:\/\/jeromegrandieresphotos.fr\/wp-content\/uploads\/2023\/05\/RY5A6834-300x200.jpg 300w, https:\/\/jeromegrandieresphotos.fr\/wp-content\/uploads\/2023\/05\/RY5A6834-768x512.jpg 768w, https:\/\/jeromegrandieresphotos.fr\/wp-content\/uploads\/2023\/05\/RY5A6834-1536x1024.jpg 1536w, https:\/\/jeromegrandieresphotos.fr\/wp-content\/uploads\/2023\/05\/RY5A6834-600x400.jpg 600w, https:\/\/jeromegrandieresphotos.fr\/wp-content\/uploads\/2023\/05\/RY5A6834.jpg 2000w\" sizes=\"(max-width: 1024px) 100vw, 1024px\" \/><\/figure>\n<\/div>\n\n\n\n<div class=\"wp-block-column\">\n<figure class=\"wp-block-image size-large\"><img loading=\"lazy\" width=\"1024\" height=\"682\" src=\"http:\/\/jeromegrandieresphotos.fr\/wp-content\/uploads\/2023\/05\/RY5A6973-1024x682.jpg\" alt=\"\" class=\"wp-image-436\" srcset=\"https:\/\/jeromegrandieresphotos.fr\/wp-content\/uploads\/2023\/05\/RY5A6973-1024x682.jpg 1024w, https:\/\/jeromegrandieresphotos.fr\/wp-content\/uploads\/2023\/05\/RY5A6973-300x200.jpg 300w, https:\/\/jeromegrandieresphotos.fr\/wp-content\/uploads\/2023\/05\/RY5A6973-768x512.jpg 768w, https:\/\/jeromegrandieresphotos.fr\/wp-content\/uploads\/2023\/05\/RY5A6973-1536x1024.jpg 1536w, https:\/\/jeromegrandieresphotos.fr\/wp-content\/uploads\/2023\/05\/RY5A6973-600x400.jpg 600w, https:\/\/jeromegrandieresphotos.fr\/wp-content\/uploads\/2023\/05\/RY5A6973.jpg 2000w\" sizes=\"(max-width: 1024px) 100vw, 1024px\" \/><\/figure>\n<\/div>\n<\/div>\n\n\n\n<div class=\"wp-block-columns\">\n<div class=\"wp-block-column\">\n<figure class=\"wp-block-image size-large\"><img loading=\"lazy\" width=\"1024\" height=\"682\" src=\"http:\/\/jeromegrandieresphotos.fr\/wp-content\/uploads\/2023\/05\/V2A5083-1024x682.jpg\" alt=\"\" class=\"wp-image-437\" srcset=\"https:\/\/jeromegrandieresphotos.fr\/wp-content\/uploads\/2023\/05\/V2A5083-1024x682.jpg 1024w, https:\/\/jeromegrandieresphotos.fr\/wp-content\/uploads\/2023\/05\/V2A5083-300x200.jpg 300w, https:\/\/jeromegrandieresphotos.fr\/wp-content\/uploads\/2023\/05\/V2A5083-768x512.jpg 768w, https:\/\/jeromegrandieresphotos.fr\/wp-content\/uploads\/2023\/05\/V2A5083-1536x1024.jpg 1536w, https:\/\/jeromegrandieresphotos.fr\/wp-content\/uploads\/2023\/05\/V2A5083-600x400.jpg 600w, https:\/\/jeromegrandieresphotos.fr\/wp-content\/uploads\/2023\/05\/V2A5083.jpg 2000w\" sizes=\"(max-width: 1024px) 100vw, 1024px\" \/><\/figure>\n<\/div>\n\n\n\n<div class=\"wp-block-column\">\n<figure class=\"wp-block-image size-large\"><img loading=\"lazy\" width=\"1024\" height=\"682\" src=\"http:\/\/jeromegrandieresphotos.fr\/wp-content\/uploads\/2023\/05\/RY5A7027-1024x682.jpg\" alt=\"\" class=\"wp-image-438\" srcset=\"https:\/\/jeromegrandieresphotos.fr\/wp-content\/uploads\/2023\/05\/RY5A7027-1024x682.jpg 1024w, https:\/\/jeromegrandieresphotos.fr\/wp-content\/uploads\/2023\/05\/RY5A7027-300x200.jpg 300w, https:\/\/jeromegrandieresphotos.fr\/wp-content\/uploads\/2023\/05\/RY5A7027-768x512.jpg 768w, https:\/\/jeromegrandieresphotos.fr\/wp-content\/uploads\/2023\/05\/RY5A7027-1536x1024.jpg 1536w, https:\/\/jeromegrandieresphotos.fr\/wp-content\/uploads\/2023\/05\/RY5A7027-600x400.jpg 600w, https:\/\/jeromegrandieresphotos.fr\/wp-content\/uploads\/2023\/05\/RY5A7027.jpg 2000w\" sizes=\"(max-width: 1024px) 100vw, 1024px\" \/><\/figure>\n<\/div>\n\n\n\n<div class=\"wp-block-column\">\n<figure class=\"wp-block-image size-large\"><img loading=\"lazy\" width=\"1024\" height=\"683\" src=\"http:\/\/jeromegrandieresphotos.fr\/wp-content\/uploads\/2023\/05\/V2A5662-1024x683.jpg\" alt=\"\" class=\"wp-image-439\" srcset=\"https:\/\/jeromegrandieresphotos.fr\/wp-content\/uploads\/2023\/05\/V2A5662-1024x683.jpg 1024w, https:\/\/jeromegrandieresphotos.fr\/wp-content\/uploads\/2023\/05\/V2A5662-300x200.jpg 300w, https:\/\/jeromegrandieresphotos.fr\/wp-content\/uploads\/2023\/05\/V2A5662-768x512.jpg 768w, https:\/\/jeromegrandieresphotos.fr\/wp-content\/uploads\/2023\/05\/V2A5662-1536x1025.jpg 1536w, https:\/\/jeromegrandieresphotos.fr\/wp-content\/uploads\/2023\/05\/V2A5662-600x400.jpg 600w, https:\/\/jeromegrandieresphotos.fr\/wp-content\/uploads\/2023\/05\/V2A5662.jpg 2000w\" sizes=\"(max-width: 1024px) 100vw, 1024px\" \/><\/figure>\n<\/div>\n<\/div>\n\n\n\n<div class=\"wp-block-columns\">\n<div class=\"wp-block-column\">\n<figure class=\"wp-block-image size-large\"><img loading=\"lazy\" width=\"1024\" height=\"682\" src=\"http:\/\/jeromegrandieresphotos.fr\/wp-content\/uploads\/2023\/05\/V2A5125-1024x682.jpg\" alt=\"\" class=\"wp-image-441\" srcset=\"https:\/\/jeromegrandieresphotos.fr\/wp-content\/uploads\/2023\/05\/V2A5125-1024x682.jpg 1024w, https:\/\/jeromegrandieresphotos.fr\/wp-content\/uploads\/2023\/05\/V2A5125-300x200.jpg 300w, https:\/\/jeromegrandieresphotos.fr\/wp-content\/uploads\/2023\/05\/V2A5125-768x512.jpg 768w, https:\/\/jeromegrandieresphotos.fr\/wp-content\/uploads\/2023\/05\/V2A5125-1536x1024.jpg 1536w, https:\/\/jeromegrandieresphotos.fr\/wp-content\/uploads\/2023\/05\/V2A5125-600x400.jpg 600w, https:\/\/jeromegrandieresphotos.fr\/wp-content\/uploads\/2023\/05\/V2A5125.jpg 2000w\" sizes=\"(max-width: 1024px) 100vw, 1024px\" \/><\/figure>\n<\/div>\n\n\n\n<div class=\"wp-block-column\">\n<figure class=\"wp-block-image size-large\"><img loading=\"lazy\" width=\"1024\" height=\"683\" src=\"http:\/\/jeromegrandieresphotos.fr\/wp-content\/uploads\/2023\/05\/V2A5127-1024x683.jpg\" alt=\"\" class=\"wp-image-442\" srcset=\"https:\/\/jeromegrandieresphotos.fr\/wp-content\/uploads\/2023\/05\/V2A5127-1024x683.jpg 1024w, https:\/\/jeromegrandieresphotos.fr\/wp-content\/uploads\/2023\/05\/V2A5127-300x200.jpg 300w, https:\/\/jeromegrandieresphotos.fr\/wp-content\/uploads\/2023\/05\/V2A5127-768x512.jpg 768w, https:\/\/jeromegrandieresphotos.fr\/wp-content\/uploads\/2023\/05\/V2A5127-1536x1025.jpg 1536w, https:\/\/jeromegrandieresphotos.fr\/wp-content\/uploads\/2023\/05\/V2A5127-600x400.jpg 600w, https:\/\/jeromegrandieresphotos.fr\/wp-content\/uploads\/2023\/05\/V2A5127.jpg 2000w\" sizes=\"(max-width: 1024px) 100vw, 1024px\" \/><\/figure>\n<\/div>\n<\/div>\n\n\n\n<div class=\"wp-block-columns\">\n<div class=\"wp-block-column\">\n<figure class=\"wp-block-image size-large\"><img loading=\"lazy\" width=\"1024\" height=\"682\" src=\"http:\/\/jeromegrandieresphotos.fr\/wp-content\/uploads\/2023\/05\/RY5A7259-1024x682.jpg\" alt=\"\" class=\"wp-image-443\" srcset=\"https:\/\/jeromegrandieresphotos.fr\/wp-content\/uploads\/2023\/05\/RY5A7259-1024x682.jpg 1024w, https:\/\/jeromegrandieresphotos.fr\/wp-content\/uploads\/2023\/05\/RY5A7259-300x200.jpg 300w, https:\/\/jeromegrandieresphotos.fr\/wp-content\/uploads\/2023\/05\/RY5A7259-768x512.jpg 768w, https:\/\/jeromegrandieresphotos.fr\/wp-content\/uploads\/2023\/05\/RY5A7259-1536x1024.jpg 1536w, https:\/\/jeromegrandieresphotos.fr\/wp-content\/uploads\/2023\/05\/RY5A7259-600x400.jpg 600w, https:\/\/jeromegrandieresphotos.fr\/wp-content\/uploads\/2023\/05\/RY5A7259.jpg 2000w\" sizes=\"(max-width: 1024px) 100vw, 1024px\" \/><\/figure>\n<\/div>\n\n\n\n<div class=\"wp-block-column\">\n<figure class=\"wp-block-image size-large\"><img loading=\"lazy\" width=\"1024\" height=\"682\" src=\"http:\/\/jeromegrandieresphotos.fr\/wp-content\/uploads\/2023\/05\/RY5A7263-1024x682.jpg\" alt=\"\" class=\"wp-image-444\" srcset=\"https:\/\/jeromegrandieresphotos.fr\/wp-content\/uploads\/2023\/05\/RY5A7263-1024x682.jpg 1024w, https:\/\/jeromegrandieresphotos.fr\/wp-content\/uploads\/2023\/05\/RY5A7263-300x200.jpg 300w, https:\/\/jeromegrandieresphotos.fr\/wp-content\/uploads\/2023\/05\/RY5A7263-768x512.jpg 768w, https:\/\/jeromegrandieresphotos.fr\/wp-content\/uploads\/2023\/05\/RY5A7263-1536x1024.jpg 1536w, https:\/\/jeromegrandieresphotos.fr\/wp-content\/uploads\/2023\/05\/RY5A7263-600x400.jpg 600w, https:\/\/jeromegrandieresphotos.fr\/wp-content\/uploads\/2023\/05\/RY5A7263.jpg 2000w\" sizes=\"(max-width: 1024px) 100vw, 1024px\" \/><\/figure>\n<\/div>\n\n\n\n<div class=\"wp-block-column\"><\/div>\n<\/div>\n\n\n\n<p>La surprise de ce Fly in, le magnifique Spitfire MK XIV  <\/p>\n\n\n\n<div class=\"wp-block-columns\">\n<div class=\"wp-block-column\">\n<figure class=\"wp-block-image size-large\"><img loading=\"lazy\" width=\"1024\" height=\"682\" src=\"http:\/\/jeromegrandieresphotos.fr\/wp-content\/uploads\/2023\/05\/RY5A7180-1024x682.jpg\" alt=\"\" class=\"wp-image-433\" srcset=\"https:\/\/jeromegrandieresphotos.fr\/wp-content\/uploads\/2023\/05\/RY5A7180-1024x682.jpg 1024w, https:\/\/jeromegrandieresphotos.fr\/wp-content\/uploads\/2023\/05\/RY5A7180-300x200.jpg 300w, https:\/\/jeromegrandieresphotos.fr\/wp-content\/uploads\/2023\/05\/RY5A7180-768x512.jpg 768w, https:\/\/jeromegrandieresphotos.fr\/wp-content\/uploads\/2023\/05\/RY5A7180-1536x1024.jpg 1536w, https:\/\/jeromegrandieresphotos.fr\/wp-content\/uploads\/2023\/05\/RY5A7180-600x400.jpg 600w, https:\/\/jeromegrandieresphotos.fr\/wp-content\/uploads\/2023\/05\/RY5A7180.jpg 2000w\" sizes=\"(max-width: 1024px) 100vw, 1024px\" \/><\/figure>\n<\/div>\n<\/div>\n\n\n\n<div class=\"wp-block-columns\">\n<div class=\"wp-block-column\">\n<figure class=\"wp-block-image size-large\"><img loading=\"lazy\" width=\"1024\" height=\"683\" src=\"http:\/\/jeromegrandieresphotos.fr\/wp-content\/uploads\/2023\/05\/RY5A7205-1024x683.jpg\" alt=\"\" class=\"wp-image-379\" srcset=\"https:\/\/jeromegrandieresphotos.fr\/wp-content\/uploads\/2023\/05\/RY5A7205-1024x683.jpg 1024w, https:\/\/jeromegrandieresphotos.fr\/wp-content\/uploads\/2023\/05\/RY5A7205-300x200.jpg 300w, https:\/\/jeromegrandieresphotos.fr\/wp-content\/uploads\/2023\/05\/RY5A7205-768x512.jpg 768w, https:\/\/jeromegrandieresphotos.fr\/wp-content\/uploads\/2023\/05\/RY5A7205-1536x1025.jpg 1536w, https:\/\/jeromegrandieresphotos.fr\/wp-content\/uploads\/2023\/05\/RY5A7205-600x400.jpg 600w, https:\/\/jeromegrandieresphotos.fr\/wp-content\/uploads\/2023\/05\/RY5A7205.jpg 2000w\" sizes=\"(max-width: 1024px) 100vw, 1024px\" \/><\/figure>\n<\/div>\n\n\n\n<div class=\"wp-block-column\">\n<figure class=\"wp-block-image size-large\"><img loading=\"lazy\" width=\"1024\" height=\"683\" src=\"http:\/\/jeromegrandieresphotos.fr\/wp-content\/uploads\/2023\/05\/RY5A7247-1024x683.jpg\" alt=\"\" class=\"wp-image-380\" srcset=\"https:\/\/jeromegrandieresphotos.fr\/wp-content\/uploads\/2023\/05\/RY5A7247-1024x683.jpg 1024w, https:\/\/jeromegrandieresphotos.fr\/wp-content\/uploads\/2023\/05\/RY5A7247-300x200.jpg 300w, https:\/\/jeromegrandieresphotos.fr\/wp-content\/uploads\/2023\/05\/RY5A7247-768x512.jpg 768w, https:\/\/jeromegrandieresphotos.fr\/wp-content\/uploads\/2023\/05\/RY5A7247-1536x1024.jpg 1536w, https:\/\/jeromegrandieresphotos.fr\/wp-content\/uploads\/2023\/05\/RY5A7247-2048x1365.jpg 2048w, https:\/\/jeromegrandieresphotos.fr\/wp-content\/uploads\/2023\/05\/RY5A7247-600x400.jpg 600w\" sizes=\"(max-width: 1024px) 100vw, 1024px\" \/><\/figure>\n\n\n\n<div class=\"wp-block-columns\">\n<div class=\"wp-block-column\"><\/div>\n\n\n\n<div class=\"wp-block-column\"><\/div>\n<\/div>\n<\/div>\n<\/div>\n\n\n\n<p><strong>Reconnaissance du patrimoine fran\u00e7ais<\/strong><\/p>\n\n\n\n<p>Attach\u00e9  au patrimoine a\u00e9ronautique fran\u00e7ais, ce fly in est l&rsquo;occasion de faire un rassemblement Piel. Des descendants du constructeur Claude Piel ont remis des dipl\u00f4me aux personnes ayant r\u00e9nov\u00e9 un avion de ce constructeur avec pour but de le faire voler. <\/p>\n\n\n\n<div class=\"wp-block-columns\">\n<div class=\"wp-block-column\">\n<figure class=\"wp-block-image size-large\"><img loading=\"lazy\" width=\"1024\" height=\"683\" src=\"http:\/\/jeromegrandieresphotos.fr\/wp-content\/uploads\/2023\/05\/RY5A7062-1024x683.jpg\" alt=\"\" class=\"wp-image-399\" srcset=\"https:\/\/jeromegrandieresphotos.fr\/wp-content\/uploads\/2023\/05\/RY5A7062-1024x683.jpg 1024w, https:\/\/jeromegrandieresphotos.fr\/wp-content\/uploads\/2023\/05\/RY5A7062-300x200.jpg 300w, https:\/\/jeromegrandieresphotos.fr\/wp-content\/uploads\/2023\/05\/RY5A7062-768x512.jpg 768w, https:\/\/jeromegrandieresphotos.fr\/wp-content\/uploads\/2023\/05\/RY5A7062-1536x1025.jpg 1536w, https:\/\/jeromegrandieresphotos.fr\/wp-content\/uploads\/2023\/05\/RY5A7062-600x400.jpg 600w, https:\/\/jeromegrandieresphotos.fr\/wp-content\/uploads\/2023\/05\/RY5A7062.jpg 2000w\" sizes=\"(max-width: 1024px) 100vw, 1024px\" \/><\/figure>\n<\/div>\n\n\n\n<div class=\"wp-block-column\">\n<figure class=\"wp-block-image size-large\"><img loading=\"lazy\" width=\"1024\" height=\"682\" src=\"http:\/\/jeromegrandieresphotos.fr\/wp-content\/uploads\/2023\/05\/RY5A7079-1024x682.jpg\" alt=\"\" class=\"wp-image-400\" srcset=\"https:\/\/jeromegrandieresphotos.fr\/wp-content\/uploads\/2023\/05\/RY5A7079-1024x682.jpg 1024w, https:\/\/jeromegrandieresphotos.fr\/wp-content\/uploads\/2023\/05\/RY5A7079-300x200.jpg 300w, https:\/\/jeromegrandieresphotos.fr\/wp-content\/uploads\/2023\/05\/RY5A7079-768x512.jpg 768w, https:\/\/jeromegrandieresphotos.fr\/wp-content\/uploads\/2023\/05\/RY5A7079-1536x1024.jpg 1536w, https:\/\/jeromegrandieresphotos.fr\/wp-content\/uploads\/2023\/05\/RY5A7079-600x400.jpg 600w, https:\/\/jeromegrandieresphotos.fr\/wp-content\/uploads\/2023\/05\/RY5A7079.jpg 2000w\" sizes=\"(max-width: 1024px) 100vw, 1024px\" \/><\/figure>\n<\/div>\n\n\n\n<div class=\"wp-block-column\">\n<figure class=\"wp-block-image size-large\"><img loading=\"lazy\" width=\"1024\" height=\"682\" src=\"http:\/\/jeromegrandieresphotos.fr\/wp-content\/uploads\/2023\/05\/RY5A7324-1024x682.jpg\" alt=\"\" class=\"wp-image-401\" srcset=\"https:\/\/jeromegrandieresphotos.fr\/wp-content\/uploads\/2023\/05\/RY5A7324-1024x682.jpg 1024w, https:\/\/jeromegrandieresphotos.fr\/wp-content\/uploads\/2023\/05\/RY5A7324-300x200.jpg 300w, https:\/\/jeromegrandieresphotos.fr\/wp-content\/uploads\/2023\/05\/RY5A7324-768x512.jpg 768w, https:\/\/jeromegrandieresphotos.fr\/wp-content\/uploads\/2023\/05\/RY5A7324-1536x1024.jpg 1536w, https:\/\/jeromegrandieresphotos.fr\/wp-content\/uploads\/2023\/05\/RY5A7324-600x400.jpg 600w, https:\/\/jeromegrandieresphotos.fr\/wp-content\/uploads\/2023\/05\/RY5A7324.jpg 2000w\" sizes=\"(max-width: 1024px) 100vw, 1024px\" \/><\/figure>\n<\/div>\n<\/div>\n\n\n\n<p><strong>Des figurants au pays des pirates<\/strong>  <\/p>\n\n\n\n<p>Des passionn\u00e9s de reconstitution de la seconde guerre mondiale sont venus \u00e0 l&rsquo;abordage de ce Fly in<\/p>\n\n\n\n<div class=\"wp-block-columns\">\n<div class=\"wp-block-column\">\n<figure class=\"wp-block-image size-large\"><img loading=\"lazy\" width=\"1024\" height=\"682\" src=\"http:\/\/jeromegrandieresphotos.fr\/wp-content\/uploads\/2023\/05\/V2A4760-1024x682.jpg\" alt=\"\" class=\"wp-image-406\" srcset=\"https:\/\/jeromegrandieresphotos.fr\/wp-content\/uploads\/2023\/05\/V2A4760-1024x682.jpg 1024w, https:\/\/jeromegrandieresphotos.fr\/wp-content\/uploads\/2023\/05\/V2A4760-300x200.jpg 300w, https:\/\/jeromegrandieresphotos.fr\/wp-content\/uploads\/2023\/05\/V2A4760-768x512.jpg 768w, https:\/\/jeromegrandieresphotos.fr\/wp-content\/uploads\/2023\/05\/V2A4760-1536x1024.jpg 1536w, https:\/\/jeromegrandieresphotos.fr\/wp-content\/uploads\/2023\/05\/V2A4760-600x400.jpg 600w, https:\/\/jeromegrandieresphotos.fr\/wp-content\/uploads\/2023\/05\/V2A4760.jpg 2000w\" sizes=\"(max-width: 1024px) 100vw, 1024px\" \/><\/figure>\n<\/div>\n\n\n\n<div class=\"wp-block-column\">\n<figure class=\"wp-block-image size-large\"><img loading=\"lazy\" width=\"1024\" height=\"682\" src=\"http:\/\/jeromegrandieresphotos.fr\/wp-content\/uploads\/2023\/05\/V2A4838-1024x682.jpg\" alt=\"\" class=\"wp-image-407\" srcset=\"https:\/\/jeromegrandieresphotos.fr\/wp-content\/uploads\/2023\/05\/V2A4838-1024x682.jpg 1024w, https:\/\/jeromegrandieresphotos.fr\/wp-content\/uploads\/2023\/05\/V2A4838-300x200.jpg 300w, https:\/\/jeromegrandieresphotos.fr\/wp-content\/uploads\/2023\/05\/V2A4838-768x512.jpg 768w, https:\/\/jeromegrandieresphotos.fr\/wp-content\/uploads\/2023\/05\/V2A4838-1536x1024.jpg 1536w, https:\/\/jeromegrandieresphotos.fr\/wp-content\/uploads\/2023\/05\/V2A4838-600x400.jpg 600w, https:\/\/jeromegrandieresphotos.fr\/wp-content\/uploads\/2023\/05\/V2A4838.jpg 2000w\" sizes=\"(max-width: 1024px) 100vw, 1024px\" \/><\/figure>\n<\/div>\n<\/div>\n\n\n\n<div class=\"wp-block-columns\">\n<div class=\"wp-block-column\" style=\"flex-basis:66.66%\">\n<figure class=\"wp-block-image size-large is-resized\"><img loading=\"lazy\" src=\"http:\/\/jeromegrandieresphotos.fr\/wp-content\/uploads\/2023\/05\/V2A4814-1024x1024.jpg\" alt=\"\" class=\"wp-image-408\" width=\"602\" height=\"602\" srcset=\"https:\/\/jeromegrandieresphotos.fr\/wp-content\/uploads\/2023\/05\/V2A4814-1024x1024.jpg 1024w, https:\/\/jeromegrandieresphotos.fr\/wp-content\/uploads\/2023\/05\/V2A4814-300x300.jpg 300w, https:\/\/jeromegrandieresphotos.fr\/wp-content\/uploads\/2023\/05\/V2A4814-150x150.jpg 150w, https:\/\/jeromegrandieresphotos.fr\/wp-content\/uploads\/2023\/05\/V2A4814-768x768.jpg 768w, https:\/\/jeromegrandieresphotos.fr\/wp-content\/uploads\/2023\/05\/V2A4814-1536x1536.jpg 1536w, https:\/\/jeromegrandieresphotos.fr\/wp-content\/uploads\/2023\/05\/V2A4814-600x600.jpg 600w, https:\/\/jeromegrandieresphotos.fr\/wp-content\/uploads\/2023\/05\/V2A4814-100x100.jpg 100w, https:\/\/jeromegrandieresphotos.fr\/wp-content\/uploads\/2023\/05\/V2A4814.jpg 2000w\" sizes=\"(max-width: 602px) 100vw, 602px\" \/><\/figure>\n<\/div>\n\n\n\n<div class=\"wp-block-column\" style=\"flex-basis:33.33%\">\n<figure class=\"wp-block-image size-large is-resized\"><img loading=\"lazy\" src=\"http:\/\/jeromegrandieresphotos.fr\/wp-content\/uploads\/2023\/05\/V2A4831-682x1024.jpg\" alt=\"\" class=\"wp-image-409\" width=\"302\" height=\"452\" srcset=\"https:\/\/jeromegrandieresphotos.fr\/wp-content\/uploads\/2023\/05\/V2A4831-682x1024.jpg 682w, https:\/\/jeromegrandieresphotos.fr\/wp-content\/uploads\/2023\/05\/V2A4831-200x300.jpg 200w, https:\/\/jeromegrandieresphotos.fr\/wp-content\/uploads\/2023\/05\/V2A4831-768x1152.jpg 768w, https:\/\/jeromegrandieresphotos.fr\/wp-content\/uploads\/2023\/05\/V2A4831-1024x1536.jpg 1024w, https:\/\/jeromegrandieresphotos.fr\/wp-content\/uploads\/2023\/05\/V2A4831-600x900.jpg 600w, https:\/\/jeromegrandieresphotos.fr\/wp-content\/uploads\/2023\/05\/V2A4831.jpg 1333w\" sizes=\"(max-width: 302px) 100vw, 302px\" \/><\/figure>\n<\/div>\n<\/div>\n\n\n\n<p>Quelques v\u00e9hicules routiers se sont joints \u00e0 la f\u00eate pour poser devant les avions<\/p>\n\n\n\n<div class=\"wp-block-columns\">\n<div class=\"wp-block-column\">\n<figure class=\"wp-block-image size-large\"><img loading=\"lazy\" width=\"1024\" height=\"682\" src=\"http:\/\/jeromegrandieresphotos.fr\/wp-content\/uploads\/2023\/05\/V2A5599-2-1024x682.jpg\" alt=\"\" class=\"wp-image-421\" srcset=\"https:\/\/jeromegrandieresphotos.fr\/wp-content\/uploads\/2023\/05\/V2A5599-2-1024x682.jpg 1024w, https:\/\/jeromegrandieresphotos.fr\/wp-content\/uploads\/2023\/05\/V2A5599-2-300x200.jpg 300w, https:\/\/jeromegrandieresphotos.fr\/wp-content\/uploads\/2023\/05\/V2A5599-2-768x512.jpg 768w, https:\/\/jeromegrandieresphotos.fr\/wp-content\/uploads\/2023\/05\/V2A5599-2-1536x1024.jpg 1536w, https:\/\/jeromegrandieresphotos.fr\/wp-content\/uploads\/2023\/05\/V2A5599-2-600x400.jpg 600w, https:\/\/jeromegrandieresphotos.fr\/wp-content\/uploads\/2023\/05\/V2A5599-2.jpg 2000w\" sizes=\"(max-width: 1024px) 100vw, 1024px\" \/><\/figure>\n<\/div>\n\n\n\n<div class=\"wp-block-column\">\n<figure class=\"wp-block-image size-large\"><img loading=\"lazy\" width=\"1024\" height=\"682\" src=\"http:\/\/jeromegrandieresphotos.fr\/wp-content\/uploads\/2023\/05\/V2A5075-3-1024x682.jpg\" alt=\"\" class=\"wp-image-422\" srcset=\"https:\/\/jeromegrandieresphotos.fr\/wp-content\/uploads\/2023\/05\/V2A5075-3-1024x682.jpg 1024w, https:\/\/jeromegrandieresphotos.fr\/wp-content\/uploads\/2023\/05\/V2A5075-3-300x200.jpg 300w, https:\/\/jeromegrandieresphotos.fr\/wp-content\/uploads\/2023\/05\/V2A5075-3-768x512.jpg 768w, https:\/\/jeromegrandieresphotos.fr\/wp-content\/uploads\/2023\/05\/V2A5075-3-1536x1024.jpg 1536w, https:\/\/jeromegrandieresphotos.fr\/wp-content\/uploads\/2023\/05\/V2A5075-3-600x400.jpg 600w, https:\/\/jeromegrandieresphotos.fr\/wp-content\/uploads\/2023\/05\/V2A5075-3.jpg 2000w\" sizes=\"(max-width: 1024px) 100vw, 1024px\" \/><\/figure>\n<\/div>\n\n\n\n<div class=\"wp-block-column\">\n<figure class=\"wp-block-image size-large\"><img loading=\"lazy\" width=\"1024\" height=\"682\" src=\"http:\/\/jeromegrandieresphotos.fr\/wp-content\/uploads\/2023\/05\/V2A5079-1-1024x682.jpg\" alt=\"\" class=\"wp-image-423\" srcset=\"https:\/\/jeromegrandieresphotos.fr\/wp-content\/uploads\/2023\/05\/V2A5079-1-1024x682.jpg 1024w, https:\/\/jeromegrandieresphotos.fr\/wp-content\/uploads\/2023\/05\/V2A5079-1-300x200.jpg 300w, https:\/\/jeromegrandieresphotos.fr\/wp-content\/uploads\/2023\/05\/V2A5079-1-768x512.jpg 768w, https:\/\/jeromegrandieresphotos.fr\/wp-content\/uploads\/2023\/05\/V2A5079-1-1536x1024.jpg 1536w, https:\/\/jeromegrandieresphotos.fr\/wp-content\/uploads\/2023\/05\/V2A5079-1-600x400.jpg 600w, https:\/\/jeromegrandieresphotos.fr\/wp-content\/uploads\/2023\/05\/V2A5079-1.jpg 2000w\" sizes=\"(max-width: 1024px) 100vw, 1024px\" \/><\/figure>\n<\/div>\n<\/div>\n\n\n\n<p><strong>La franche camaraderie des Pirates<\/strong><\/p>\n\n\n\n<p>Question accueil ces Corsaires de l&rsquo;aviation savent recevoir: un collier de fleur pour chaque arrivant, une belle ambiance  et de quoi se sustenter royalement ( plusieurs food truck pour le midi, un bar avec une \u00e9quipe du tonnerre et une pa\u00e9la g\u00e9ante et d\u00e9licieuse pour le soir ) .  Une petite d\u00e9co fa\u00e7on Vella Lacava, l&rsquo;esprit papy Boyington est dans la t\u00eate de ces passionn\u00e9s un peu rockeur et ils ont trouv\u00e9 le bon groupe musical pour accompagner le d\u00e9but de soir\u00e9e:   le groupe Taxmen.<\/p>\n\n\n\n<p>Pour les \u00ab\u00a0joueurs\u00a0\u00bb , une tombola \u00e9tait organis\u00e9e avec de nombreux lots venant des sponsors comme l&rsquo;Arm\u00e9e de l&rsquo;air, Air collection, A\u00e9rodyne , Fran\u00e7ois Besse( Aero VFR ).<\/p>\n\n\n\n<p>Ce Fly in rassemble des avions, on aime les voir mais il ne faut pas oublier que derri\u00e8re ces avions il y a tout un \u00e9quipages de joyeux pirates: des pilotes, des m\u00e9canos, des b\u00e9n\u00e9voles. Merci \u00e0  eux pour tout \u00e7a. <\/p>\n\n\n\n<div class=\"wp-block-columns\">\n<div class=\"wp-block-column\">\n<figure class=\"wp-block-image size-large\"><img loading=\"lazy\" width=\"1024\" height=\"683\" src=\"http:\/\/jeromegrandieresphotos.fr\/wp-content\/uploads\/2023\/05\/7V2A6093-1024x683.jpg\" alt=\"\" class=\"wp-image-393\" srcset=\"https:\/\/jeromegrandieresphotos.fr\/wp-content\/uploads\/2023\/05\/7V2A6093-1024x683.jpg 1024w, https:\/\/jeromegrandieresphotos.fr\/wp-content\/uploads\/2023\/05\/7V2A6093-300x200.jpg 300w, https:\/\/jeromegrandieresphotos.fr\/wp-content\/uploads\/2023\/05\/7V2A6093-768x512.jpg 768w, https:\/\/jeromegrandieresphotos.fr\/wp-content\/uploads\/2023\/05\/7V2A6093-1536x1025.jpg 1536w, https:\/\/jeromegrandieresphotos.fr\/wp-content\/uploads\/2023\/05\/7V2A6093-600x400.jpg 600w, https:\/\/jeromegrandieresphotos.fr\/wp-content\/uploads\/2023\/05\/7V2A6093.jpg 2000w\" sizes=\"(max-width: 1024px) 100vw, 1024px\" \/><figcaption>Matthieu pr\u00e9sident de l&rsquo;association fier de ce Fly in  <\/figcaption><\/figure>\n<\/div>\n\n\n\n<div class=\"wp-block-column\">\n<figure class=\"wp-block-image size-large\"><img loading=\"lazy\" width=\"1024\" height=\"683\" src=\"http:\/\/jeromegrandieresphotos.fr\/wp-content\/uploads\/2023\/05\/V2A6076-1024x683.jpg\" alt=\"\" class=\"wp-image-394\" srcset=\"https:\/\/jeromegrandieresphotos.fr\/wp-content\/uploads\/2023\/05\/V2A6076-1024x683.jpg 1024w, https:\/\/jeromegrandieresphotos.fr\/wp-content\/uploads\/2023\/05\/V2A6076-300x200.jpg 300w, https:\/\/jeromegrandieresphotos.fr\/wp-content\/uploads\/2023\/05\/V2A6076-768x512.jpg 768w, https:\/\/jeromegrandieresphotos.fr\/wp-content\/uploads\/2023\/05\/V2A6076-1536x1025.jpg 1536w, https:\/\/jeromegrandieresphotos.fr\/wp-content\/uploads\/2023\/05\/V2A6076-600x400.jpg 600w, https:\/\/jeromegrandieresphotos.fr\/wp-content\/uploads\/2023\/05\/V2A6076.jpg 2000w\" sizes=\"(max-width: 1024px) 100vw, 1024px\" \/><figcaption>Fred Olivier, collectionneur mais aussi grand narrateur<\/figcaption><\/figure>\n\n\n\n<p><\/p>\n<\/div>\n\n\n\n<div class=\"wp-block-column\">\n<figure class=\"wp-block-image size-large\"><img loading=\"lazy\" width=\"1024\" height=\"682\" src=\"http:\/\/jeromegrandieresphotos.fr\/wp-content\/uploads\/2023\/05\/7V2A6041-1024x682.jpg\" alt=\"\" class=\"wp-image-396\" srcset=\"https:\/\/jeromegrandieresphotos.fr\/wp-content\/uploads\/2023\/05\/7V2A6041-1024x682.jpg 1024w, https:\/\/jeromegrandieresphotos.fr\/wp-content\/uploads\/2023\/05\/7V2A6041-300x200.jpg 300w, https:\/\/jeromegrandieresphotos.fr\/wp-content\/uploads\/2023\/05\/7V2A6041-768x512.jpg 768w, https:\/\/jeromegrandieresphotos.fr\/wp-content\/uploads\/2023\/05\/7V2A6041-1536x1024.jpg 1536w, https:\/\/jeromegrandieresphotos.fr\/wp-content\/uploads\/2023\/05\/7V2A6041-600x400.jpg 600w, https:\/\/jeromegrandieresphotos.fr\/wp-content\/uploads\/2023\/05\/7V2A6041.jpg 2000w\" sizes=\"(max-width: 1024px) 100vw, 1024px\" \/><figcaption>La rel\u00e8ve, Armand Olivier , remerciant tous les intervenants<\/figcaption><\/figure>\n<\/div>\n<\/div>\n\n\n\n<div class=\"wp-block-columns\">\n<div class=\"wp-block-column\">\n<figure class=\"wp-block-image size-large\"><img loading=\"lazy\" width=\"1024\" height=\"682\" src=\"http:\/\/jeromegrandieresphotos.fr\/wp-content\/uploads\/2023\/05\/V2A5572-1024x682.jpg\" alt=\"\" class=\"wp-image-397\" srcset=\"https:\/\/jeromegrandieresphotos.fr\/wp-content\/uploads\/2023\/05\/V2A5572-1024x682.jpg 1024w, https:\/\/jeromegrandieresphotos.fr\/wp-content\/uploads\/2023\/05\/V2A5572-300x200.jpg 300w, https:\/\/jeromegrandieresphotos.fr\/wp-content\/uploads\/2023\/05\/V2A5572-768x512.jpg 768w, https:\/\/jeromegrandieresphotos.fr\/wp-content\/uploads\/2023\/05\/V2A5572-1536x1024.jpg 1536w, https:\/\/jeromegrandieresphotos.fr\/wp-content\/uploads\/2023\/05\/V2A5572-600x400.jpg 600w, https:\/\/jeromegrandieresphotos.fr\/wp-content\/uploads\/2023\/05\/V2A5572.jpg 2000w\" sizes=\"(max-width: 1024px) 100vw, 1024px\" \/><figcaption>L&rsquo;\u00e9quipe du bar, au top !<\/figcaption><\/figure>\n<\/div>\n\n\n\n<div class=\"wp-block-column\">\n<figure class=\"wp-block-image size-large is-resized\"><img loading=\"lazy\" src=\"http:\/\/jeromegrandieresphotos.fr\/wp-content\/uploads\/2023\/05\/V2A6156-682x1024.jpg\" alt=\"\" class=\"wp-image-398\" width=\"227\" height=\"342\" srcset=\"https:\/\/jeromegrandieresphotos.fr\/wp-content\/uploads\/2023\/05\/V2A6156-682x1024.jpg 682w, https:\/\/jeromegrandieresphotos.fr\/wp-content\/uploads\/2023\/05\/V2A6156-200x300.jpg 200w, https:\/\/jeromegrandieresphotos.fr\/wp-content\/uploads\/2023\/05\/V2A6156-768x1152.jpg 768w, https:\/\/jeromegrandieresphotos.fr\/wp-content\/uploads\/2023\/05\/V2A6156-1024x1536.jpg 1024w, https:\/\/jeromegrandieresphotos.fr\/wp-content\/uploads\/2023\/05\/V2A6156-600x900.jpg 600w, https:\/\/jeromegrandieresphotos.fr\/wp-content\/uploads\/2023\/05\/V2A6156.jpg 1333w\" sizes=\"(max-width: 227px) 100vw, 227px\" \/><figcaption>L&rsquo;artiste de la toile, Mich\u00e8le Goussay<\/figcaption><\/figure>\n<\/div>\n\n\n\n<div class=\"wp-block-column\">\n<p>Tout autour de ces quelques membres, il y en a bien d&rsquo;autres non visibles sur les photos qui ont oeuvr\u00e9s pour ce Fly in, comme les pilotes de l&rsquo;association ( Paul, Patrick, Alexandre, Pascal et bien d&rsquo;autres ) , des membres de la YakoTeam, les jeunes d&rsquo;Aerodyne Cachan&#8230;<\/p>\n\n\n\n<p> <\/p>\n<\/div>\n<\/div>\n\n\n\n<div class=\"wp-block-columns\">\n<div class=\"wp-block-column\">\n<figure class=\"wp-block-image size-large\"><img loading=\"lazy\" width=\"1024\" height=\"682\" src=\"http:\/\/jeromegrandieresphotos.fr\/wp-content\/uploads\/2023\/05\/7V2A5961-1024x682.jpg\" alt=\"\" class=\"wp-image-382\" srcset=\"https:\/\/jeromegrandieresphotos.fr\/wp-content\/uploads\/2023\/05\/7V2A5961-1024x682.jpg 1024w, https:\/\/jeromegrandieresphotos.fr\/wp-content\/uploads\/2023\/05\/7V2A5961-300x200.jpg 300w, https:\/\/jeromegrandieresphotos.fr\/wp-content\/uploads\/2023\/05\/7V2A5961-768x512.jpg 768w, https:\/\/jeromegrandieresphotos.fr\/wp-content\/uploads\/2023\/05\/7V2A5961-1536x1024.jpg 1536w, https:\/\/jeromegrandieresphotos.fr\/wp-content\/uploads\/2023\/05\/7V2A5961-600x400.jpg 600w, https:\/\/jeromegrandieresphotos.fr\/wp-content\/uploads\/2023\/05\/7V2A5961.jpg 2000w\" sizes=\"(max-width: 1024px) 100vw, 1024px\" \/><figcaption>Fred Olivier pr\u00e9sentant les Taxmen<\/figcaption><\/figure>\n<\/div>\n\n\n\n<div class=\"wp-block-column\">\n<figure class=\"wp-block-image size-large\"><img loading=\"lazy\" width=\"1024\" height=\"683\" src=\"http:\/\/jeromegrandieresphotos.fr\/wp-content\/uploads\/2023\/05\/7V2A5852-1024x683.jpg\" alt=\"\" class=\"wp-image-383\" srcset=\"https:\/\/jeromegrandieresphotos.fr\/wp-content\/uploads\/2023\/05\/7V2A5852-1024x683.jpg 1024w, https:\/\/jeromegrandieresphotos.fr\/wp-content\/uploads\/2023\/05\/7V2A5852-300x200.jpg 300w, https:\/\/jeromegrandieresphotos.fr\/wp-content\/uploads\/2023\/05\/7V2A5852-768x512.jpg 768w, https:\/\/jeromegrandieresphotos.fr\/wp-content\/uploads\/2023\/05\/7V2A5852-1536x1025.jpg 1536w, https:\/\/jeromegrandieresphotos.fr\/wp-content\/uploads\/2023\/05\/7V2A5852-600x400.jpg 600w, https:\/\/jeromegrandieresphotos.fr\/wp-content\/uploads\/2023\/05\/7V2A5852.jpg 2000w\" sizes=\"(max-width: 1024px) 100vw, 1024px\" \/><figcaption>Les Taxmen , un bon repas et le couch\u00e9 de soleil , le r\u00e9sum\u00e9 d&rsquo;une belle soir\u00e9e<\/figcaption><\/figure>\n<\/div>\n\n\n\n<div class=\"wp-block-column\">\n<figure class=\"wp-block-image size-large\"><img alt=\"\"\/><\/figure>\n<\/div>\n<\/div>\n\n\n\n<p>Une journ\u00e9e au Breuil se finie souvent par un beau coucher de soleil, m\u00eame si la pluie s&rsquo;est invit\u00e9e \u00e0 la fin<\/p>\n\n\n\n<div class=\"wp-block-columns\">\n<div class=\"wp-block-column\">\n<figure class=\"wp-block-image size-large\"><img loading=\"lazy\" width=\"1024\" height=\"682\" src=\"http:\/\/jeromegrandieresphotos.fr\/wp-content\/uploads\/2023\/05\/V2A5816-1024x682.jpg\" alt=\"\" class=\"wp-image-426\" srcset=\"https:\/\/jeromegrandieresphotos.fr\/wp-content\/uploads\/2023\/05\/V2A5816-1024x682.jpg 1024w, https:\/\/jeromegrandieresphotos.fr\/wp-content\/uploads\/2023\/05\/V2A5816-300x200.jpg 300w, https:\/\/jeromegrandieresphotos.fr\/wp-content\/uploads\/2023\/05\/V2A5816-768x512.jpg 768w, https:\/\/jeromegrandieresphotos.fr\/wp-content\/uploads\/2023\/05\/V2A5816-1536x1024.jpg 1536w, https:\/\/jeromegrandieresphotos.fr\/wp-content\/uploads\/2023\/05\/V2A5816-600x400.jpg 600w, https:\/\/jeromegrandieresphotos.fr\/wp-content\/uploads\/2023\/05\/V2A5816.jpg 2000w\" sizes=\"(max-width: 1024px) 100vw, 1024px\" \/><\/figure>\n<\/div>\n\n\n\n<div class=\"wp-block-column\">\n<figure class=\"wp-block-image size-large\"><img loading=\"lazy\" width=\"1024\" height=\"682\" src=\"http:\/\/jeromegrandieresphotos.fr\/wp-content\/uploads\/2023\/05\/V2A5908-1024x682.jpg\" alt=\"\" class=\"wp-image-427\" srcset=\"https:\/\/jeromegrandieresphotos.fr\/wp-content\/uploads\/2023\/05\/V2A5908-1024x682.jpg 1024w, https:\/\/jeromegrandieresphotos.fr\/wp-content\/uploads\/2023\/05\/V2A5908-300x200.jpg 300w, https:\/\/jeromegrandieresphotos.fr\/wp-content\/uploads\/2023\/05\/V2A5908-768x512.jpg 768w, https:\/\/jeromegrandieresphotos.fr\/wp-content\/uploads\/2023\/05\/V2A5908-1536x1024.jpg 1536w, https:\/\/jeromegrandieresphotos.fr\/wp-content\/uploads\/2023\/05\/V2A5908-600x400.jpg 600w, https:\/\/jeromegrandieresphotos.fr\/wp-content\/uploads\/2023\/05\/V2A5908.jpg 2000w\" sizes=\"(max-width: 1024px) 100vw, 1024px\" \/><\/figure>\n<\/div>\n<\/div>\n\n\n\n<p><\/p>\n\n\n\n<p>Une chose est s\u00fbre, cette association n&rsquo;est pas pr\u00eate de se saborder, la passion est l\u00e0, l&rsquo;envie de partager aussi.  Ces flibustiers de l&rsquo;air luttent contre la morosit\u00e9 ambiante et rebooste le milieu a\u00e9ronautique. On a donc forc\u00e9ment envie d&rsquo;y retourner.  Rendez vous en 2024 !<\/p>\n\n\n\n<p><\/p>\n","protected":false},"excerpt":{"rendered":"<p>Le samedi 13 mai, les \u00ab\u00a0Pirates du Breuil\u00a0\u00bb, comme ils se surnomment, ont f\u00eat\u00e9 dignement, lors de leur Fly in<\/p>\n","protected":false},"author":1,"featured_media":416,"comment_status":"closed","ping_status":"open","sticky":false,"template":"","format":"standard","meta":{"pgc_sgb_lightbox_settings":""},"categories":[1],"tags":[],"_links":{"self":[{"href":"https:\/\/jeromegrandieresphotos.fr\/index.php\/wp-json\/wp\/v2\/posts\/374"}],"collection":[{"href":"https:\/\/jeromegrandieresphotos.fr\/index.php\/wp-json\/wp\/v2\/posts"}],"about":[{"href":"https:\/\/jeromegrandieresphotos.fr\/index.php\/wp-json\/wp\/v2\/types\/post"}],"author":[{"embeddable":true,"href":"https:\/\/jeromegrandieresphotos.fr\/index.php\/wp-json\/wp\/v2\/users\/1"}],"replies":[{"embeddable":true,"href":"https:\/\/jeromegrandieresphotos.fr\/index.php\/wp-json\/wp\/v2\/comments?post=374"}],"version-history":[{"count":18,"href":"https:\/\/jeromegrandieresphotos.fr\/index.php\/wp-json\/wp\/v2\/posts\/374\/revisions"}],"predecessor-version":[{"id":465,"href":"https:\/\/jeromegrandieresphotos.fr\/index.php\/wp-json\/wp\/v2\/posts\/374\/revisions\/465"}],"wp:featuredmedia":[{"embeddable":true,"href":"https:\/\/jeromegrandieresphotos.fr\/index.php\/wp-json\/wp\/v2\/media\/416"}],"wp:attachment":[{"href":"https:\/\/jeromegrandieresphotos.fr\/index.php\/wp-json\/wp\/v2\/media?parent=374"}],"wp:term":[{"taxonomy":"category","embeddable":true,"href":"https:\/\/jeromegrandieresphotos.fr\/index.php\/wp-json\/wp\/v2\/categories?post=374"},{"taxonomy":"post_tag","embeddable":true,"href":"https:\/\/jeromegrandieresphotos.fr\/index.php\/wp-json\/wp\/v2\/tags?post=374"}],"curies":[{"name":"wp","href":"https:\/\/api.w.org\/{rel}","templated":true}]}}