{"id":626,"date":"2025-05-26T23:11:58","date_gmt":"2025-05-26T21:11:58","guid":{"rendered":"https:\/\/jeromegrandieresphotos.fr\/?p=626"},"modified":"2025-06-04T21:57:55","modified_gmt":"2025-06-04T19:57:55","slug":"athenes-flying-week-2024-sous-le-soleil-de-tanagra","status":"publish","type":"post","link":"https:\/\/jeromegrandieresphotos.fr\/index.php\/2025\/05\/26\/athenes-flying-week-2024-sous-le-soleil-de-tanagra\/","title":{"rendered":"Athenes Flying Week 2024, sous le soleil de Tanagra"},"content":{"rendered":"\n<p>Ce Meeting  s&rsquo;est d\u00e9roul\u00e9 les 14 et 15 septembre, sur la base de Tanagra ( au nord d&rsquo;Ath\u00e8nes, \u00e0 70 km du centre historique ). Cette base du 114th combat wing, regroupe l&rsquo;escadron 331 ( mirage 2000) et 332 ( Rafale depuis 2021 ); elle re\u00e7oit la 12\u00e8me \u00e9dition  de l&rsquo;Athenes Flying Week. <\/p>\n\n\n\n<p>L&rsquo;acc\u00e8s par la route se fait  par deux entr\u00e9es possibles , il faut acheter son billet \u00e0 l&rsquo;avance sur internet. Une fois rentr\u00e9 sur la base, on acc\u00e8de aux parkings, au sein de la base, assez proche des \u00e9volutions . Pas de vol le matin,  cela laisse la matin\u00e9e pour se balader et voir les diff\u00e9rents a\u00e9ronefs en statique, dispers\u00e9s sur deux zones. <\/p>\n\n\n\n<p>Le prix du billet peut varier \u00e9norm\u00e9ment en fonction de l&rsquo;option choisie. De la simple entr\u00e9e public, on peut aller jusqu&rsquo;\u00e0 des entr\u00e9e VIP avec un gros \u00e9cart de prix. Pour la journ\u00e9e du samedi, pour se pr\u00e9server du soleil, nous avons choisis l&rsquo;espace tente avec table et chaise; le prix est cons\u00e9quent mais c&rsquo;est tr\u00e8s agr\u00e9able d&rsquo;avoir son espace priv\u00e9 \u00e0 l&rsquo;ombre et d&rsquo;avoir acc\u00e8s \u00e0 un grand espace pour prendre des photos en toute tranquillit\u00e9. Le dimanche, au d\u00e9part , nous avions prix une place au tarif de base au milieu du public, mais il faut avouer que les parasols se sont mis \u00e0 pousser partout et du coup nous avons migr\u00e9 vers la zone chaise sans ombrage en payant un petit surplus . Cela laisse l&rsquo;opportunit\u00e9 de s&rsquo;assoir en retrait et de retourner le long de la barri\u00e8re pour voir les avions sur le taxiway.<\/p>\n\n\n\n<div class=\"wp-block-columns\">\n<div class=\"wp-block-column\">\n<figure class=\"wp-block-gallery columns-1 is-cropped\"><ul class=\"blocks-gallery-grid\"><li class=\"blocks-gallery-item\"><figure><a href=\"http:\/\/jeromegrandieresphotos.fr\/wp-content\/uploads\/2025\/02\/20240915_120744.jpg\"><img loading=\"lazy\" width=\"1024\" height=\"683\" src=\"http:\/\/jeromegrandieresphotos.fr\/wp-content\/uploads\/2025\/02\/20240915_120744-1024x683.jpg\" alt=\"\" data-id=\"648\" data-full-url=\"http:\/\/jeromegrandieresphotos.fr\/wp-content\/uploads\/2025\/02\/20240915_120744.jpg\" data-link=\"http:\/\/jeromegrandieresphotos.fr\/?attachment_id=648\" class=\"wp-image-648\" srcset=\"https:\/\/jeromegrandieresphotos.fr\/wp-content\/uploads\/2025\/02\/20240915_120744-1024x683.jpg 1024w, https:\/\/jeromegrandieresphotos.fr\/wp-content\/uploads\/2025\/02\/20240915_120744-300x200.jpg 300w, https:\/\/jeromegrandieresphotos.fr\/wp-content\/uploads\/2025\/02\/20240915_120744-768x512.jpg 768w, https:\/\/jeromegrandieresphotos.fr\/wp-content\/uploads\/2025\/02\/20240915_120744-1536x1024.jpg 1536w, https:\/\/jeromegrandieresphotos.fr\/wp-content\/uploads\/2025\/02\/20240915_120744-600x400.jpg 600w, https:\/\/jeromegrandieresphotos.fr\/wp-content\/uploads\/2025\/02\/20240915_120744.jpg 1600w\" sizes=\"(max-width: 1024px) 100vw, 1024px\" \/><\/a><figcaption class=\"blocks-gallery-item__caption\">Dans la zone public, pour se prot\u00e9ger du soleil, les parasols poussent partout, au fond on voit la tribune spotter ,juste \u00e0 c\u00f4t\u00e9 des tentes VIP<br><\/figcaption><\/figure><\/li><\/ul><\/figure>\n<\/div>\n\n\n\n<div class=\"wp-block-column\">\n<figure class=\"wp-block-gallery columns-1 is-cropped\"><ul class=\"blocks-gallery-grid\"><li class=\"blocks-gallery-item\"><figure><a href=\"http:\/\/jeromegrandieresphotos.fr\/wp-content\/uploads\/2025\/02\/20240915_120729-scaled.jpg\"><img loading=\"lazy\" width=\"1024\" height=\"683\" src=\"http:\/\/jeromegrandieresphotos.fr\/wp-content\/uploads\/2025\/02\/20240915_120729-1024x683.jpg\" alt=\"\" data-id=\"649\" data-full-url=\"http:\/\/jeromegrandieresphotos.fr\/wp-content\/uploads\/2025\/02\/20240915_120729-scaled.jpg\" data-link=\"http:\/\/jeromegrandieresphotos.fr\/?attachment_id=649\" class=\"wp-image-649\" srcset=\"https:\/\/jeromegrandieresphotos.fr\/wp-content\/uploads\/2025\/02\/20240915_120729-1024x683.jpg 1024w, https:\/\/jeromegrandieresphotos.fr\/wp-content\/uploads\/2025\/02\/20240915_120729-300x200.jpg 300w, https:\/\/jeromegrandieresphotos.fr\/wp-content\/uploads\/2025\/02\/20240915_120729-768x512.jpg 768w, https:\/\/jeromegrandieresphotos.fr\/wp-content\/uploads\/2025\/02\/20240915_120729-1536x1024.jpg 1536w, https:\/\/jeromegrandieresphotos.fr\/wp-content\/uploads\/2025\/02\/20240915_120729-2048x1365.jpg 2048w, https:\/\/jeromegrandieresphotos.fr\/wp-content\/uploads\/2025\/02\/20240915_120729-600x400.jpg 600w\" sizes=\"(max-width: 1024px) 100vw, 1024px\" \/><\/a><figcaption class=\"blocks-gallery-item__caption\">La zone chaise permet de se poser un peu entre chaque d\u00e9monstration <\/figcaption><\/figure><\/li><\/ul><\/figure>\n<\/div>\n\n\n\n<div class=\"wp-block-column\">\n<figure class=\"wp-block-gallery columns-1 is-cropped\"><ul class=\"blocks-gallery-grid\"><li class=\"blocks-gallery-item\"><figure><a href=\"http:\/\/jeromegrandieresphotos.fr\/wp-content\/uploads\/2025\/02\/RY5A3433.jpg\"><img loading=\"lazy\" width=\"1024\" height=\"683\" src=\"http:\/\/jeromegrandieresphotos.fr\/wp-content\/uploads\/2025\/02\/RY5A3433-1024x683.jpg\" alt=\"\" data-id=\"651\" data-full-url=\"http:\/\/jeromegrandieresphotos.fr\/wp-content\/uploads\/2025\/02\/RY5A3433.jpg\" data-link=\"http:\/\/jeromegrandieresphotos.fr\/?attachment_id=651\" class=\"wp-image-651\" srcset=\"https:\/\/jeromegrandieresphotos.fr\/wp-content\/uploads\/2025\/02\/RY5A3433-1024x683.jpg 1024w, https:\/\/jeromegrandieresphotos.fr\/wp-content\/uploads\/2025\/02\/RY5A3433-300x200.jpg 300w, https:\/\/jeromegrandieresphotos.fr\/wp-content\/uploads\/2025\/02\/RY5A3433-768x512.jpg 768w, https:\/\/jeromegrandieresphotos.fr\/wp-content\/uploads\/2025\/02\/RY5A3433-1536x1024.jpg 1536w, https:\/\/jeromegrandieresphotos.fr\/wp-content\/uploads\/2025\/02\/RY5A3433-600x400.jpg 600w, https:\/\/jeromegrandieresphotos.fr\/wp-content\/uploads\/2025\/02\/RY5A3433.jpg 1600w\" sizes=\"(max-width: 1024px) 100vw, 1024px\" \/><\/a><figcaption class=\"blocks-gallery-item__caption\">Le taxiway est assez proche <br><\/figcaption><\/figure><\/li><\/ul><\/figure>\n<\/div>\n<\/div>\n\n\n\n<p>Pas de vol le matin, alors on se balade dans les stands et sur les deux zones statiques assez \u00e9loign\u00e9es l&rsquo;une de l&rsquo;autre. Sur la premi\u00e8re on retrouve diff\u00e9rents h\u00e9licopt\u00e8res grecs, sur la seconde  les diff\u00e9rents avions de l&rsquo;arm\u00e9e de l&rsquo;air Grec ainsi que quelques a\u00e9ronefs d&rsquo;autres pays.<\/p>\n\n\n\n<p><strong>Le statique: <\/strong><\/p>\n\n\n\n<p>Sur le secteur des h\u00e9licopt\u00e8res, il y a<\/p>\n\n\n\n<div class=\"wp-block-columns\">\n<div class=\"wp-block-column\">\n<figure class=\"wp-block-gallery columns-1 is-cropped\"><ul class=\"blocks-gallery-grid\"><li class=\"blocks-gallery-item\"><figure><a href=\"http:\/\/jeromegrandieresphotos.fr\/wp-content\/uploads\/2025\/02\/7V2A0280.jpg\"><img loading=\"lazy\" width=\"1024\" height=\"683\" src=\"http:\/\/jeromegrandieresphotos.fr\/wp-content\/uploads\/2025\/02\/7V2A0280-1024x683.jpg\" alt=\"\" data-id=\"643\" data-full-url=\"http:\/\/jeromegrandieresphotos.fr\/wp-content\/uploads\/2025\/02\/7V2A0280.jpg\" data-link=\"http:\/\/jeromegrandieresphotos.fr\/?attachment_id=643\" class=\"wp-image-643\" srcset=\"https:\/\/jeromegrandieresphotos.fr\/wp-content\/uploads\/2025\/02\/7V2A0280-1024x683.jpg 1024w, https:\/\/jeromegrandieresphotos.fr\/wp-content\/uploads\/2025\/02\/7V2A0280-300x200.jpg 300w, https:\/\/jeromegrandieresphotos.fr\/wp-content\/uploads\/2025\/02\/7V2A0280-768x512.jpg 768w, https:\/\/jeromegrandieresphotos.fr\/wp-content\/uploads\/2025\/02\/7V2A0280-1536x1024.jpg 1536w, https:\/\/jeromegrandieresphotos.fr\/wp-content\/uploads\/2025\/02\/7V2A0280-600x400.jpg 600w, https:\/\/jeromegrandieresphotos.fr\/wp-content\/uploads\/2025\/02\/7V2A0280.jpg 1600w\" sizes=\"(max-width: 1024px) 100vw, 1024px\" \/><\/a><\/figure><\/li><\/ul><\/figure>\n<\/div>\n\n\n\n<div class=\"wp-block-column\">\n<figure class=\"wp-block-gallery columns-1 is-cropped\"><ul class=\"blocks-gallery-grid\"><li class=\"blocks-gallery-item\"><figure><a href=\"http:\/\/jeromegrandieresphotos.fr\/wp-content\/uploads\/2025\/02\/7V2A4490.jpg\"><img loading=\"lazy\" width=\"1024\" height=\"683\" src=\"http:\/\/jeromegrandieresphotos.fr\/wp-content\/uploads\/2025\/02\/7V2A4490-1024x683.jpg\" alt=\"\" data-id=\"644\" data-full-url=\"http:\/\/jeromegrandieresphotos.fr\/wp-content\/uploads\/2025\/02\/7V2A4490.jpg\" data-link=\"http:\/\/jeromegrandieresphotos.fr\/?attachment_id=644\" class=\"wp-image-644\" srcset=\"https:\/\/jeromegrandieresphotos.fr\/wp-content\/uploads\/2025\/02\/7V2A4490-1024x683.jpg 1024w, https:\/\/jeromegrandieresphotos.fr\/wp-content\/uploads\/2025\/02\/7V2A4490-300x200.jpg 300w, https:\/\/jeromegrandieresphotos.fr\/wp-content\/uploads\/2025\/02\/7V2A4490-768x512.jpg 768w, https:\/\/jeromegrandieresphotos.fr\/wp-content\/uploads\/2025\/02\/7V2A4490-1536x1024.jpg 1536w, https:\/\/jeromegrandieresphotos.fr\/wp-content\/uploads\/2025\/02\/7V2A4490-600x400.jpg 600w, https:\/\/jeromegrandieresphotos.fr\/wp-content\/uploads\/2025\/02\/7V2A4490.jpg 1600w\" sizes=\"(max-width: 1024px) 100vw, 1024px\" \/><\/a><\/figure><\/li><\/ul><\/figure>\n\n\n\n<div class=\"wp-block-columns\">\n<div class=\"wp-block-column\"><\/div>\n\n\n\n<div class=\"wp-block-column\"><\/div>\n\n\n\n<div class=\"wp-block-column\"><\/div>\n<\/div>\n<\/div>\n<\/div>\n\n\n\n<div class=\"wp-block-columns\">\n<div class=\"wp-block-column\">\n<figure class=\"wp-block-gallery columns-1 is-cropped\"><ul class=\"blocks-gallery-grid\"><li class=\"blocks-gallery-item\"><figure><a href=\"http:\/\/jeromegrandieresphotos.fr\/wp-content\/uploads\/2025\/02\/7V2A0288.jpg\"><img loading=\"lazy\" width=\"1024\" height=\"683\" src=\"http:\/\/jeromegrandieresphotos.fr\/wp-content\/uploads\/2025\/02\/7V2A0288-1024x683.jpg\" alt=\"\" data-id=\"645\" data-full-url=\"http:\/\/jeromegrandieresphotos.fr\/wp-content\/uploads\/2025\/02\/7V2A0288.jpg\" data-link=\"http:\/\/jeromegrandieresphotos.fr\/?attachment_id=645\" class=\"wp-image-645\" srcset=\"https:\/\/jeromegrandieresphotos.fr\/wp-content\/uploads\/2025\/02\/7V2A0288-1024x683.jpg 1024w, https:\/\/jeromegrandieresphotos.fr\/wp-content\/uploads\/2025\/02\/7V2A0288-300x200.jpg 300w, https:\/\/jeromegrandieresphotos.fr\/wp-content\/uploads\/2025\/02\/7V2A0288-768x512.jpg 768w, https:\/\/jeromegrandieresphotos.fr\/wp-content\/uploads\/2025\/02\/7V2A0288-1536x1024.jpg 1536w, https:\/\/jeromegrandieresphotos.fr\/wp-content\/uploads\/2025\/02\/7V2A0288-600x400.jpg 600w, https:\/\/jeromegrandieresphotos.fr\/wp-content\/uploads\/2025\/02\/7V2A0288.jpg 1600w\" sizes=\"(max-width: 1024px) 100vw, 1024px\" \/><\/a><\/figure><\/li><\/ul><\/figure>\n<\/div>\n\n\n\n<div class=\"wp-block-column\">\n<figure class=\"wp-block-gallery columns-1 is-cropped\"><ul class=\"blocks-gallery-grid\"><li class=\"blocks-gallery-item\"><figure><a href=\"http:\/\/jeromegrandieresphotos.fr\/wp-content\/uploads\/2025\/02\/7V2A4503.jpg\"><img loading=\"lazy\" width=\"1024\" height=\"683\" src=\"http:\/\/jeromegrandieresphotos.fr\/wp-content\/uploads\/2025\/02\/7V2A4503-1024x683.jpg\" alt=\"\" data-id=\"646\" data-full-url=\"http:\/\/jeromegrandieresphotos.fr\/wp-content\/uploads\/2025\/02\/7V2A4503.jpg\" data-link=\"http:\/\/jeromegrandieresphotos.fr\/?attachment_id=646\" class=\"wp-image-646\" srcset=\"https:\/\/jeromegrandieresphotos.fr\/wp-content\/uploads\/2025\/02\/7V2A4503-1024x683.jpg 1024w, https:\/\/jeromegrandieresphotos.fr\/wp-content\/uploads\/2025\/02\/7V2A4503-300x200.jpg 300w, https:\/\/jeromegrandieresphotos.fr\/wp-content\/uploads\/2025\/02\/7V2A4503-768x512.jpg 768w, https:\/\/jeromegrandieresphotos.fr\/wp-content\/uploads\/2025\/02\/7V2A4503-1536x1024.jpg 1536w, https:\/\/jeromegrandieresphotos.fr\/wp-content\/uploads\/2025\/02\/7V2A4503-600x400.jpg 600w, https:\/\/jeromegrandieresphotos.fr\/wp-content\/uploads\/2025\/02\/7V2A4503.jpg 1600w\" sizes=\"(max-width: 1024px) 100vw, 1024px\" \/><\/a><\/figure><\/li><\/ul><\/figure>\n<\/div>\n\n\n\n<div class=\"wp-block-column\">\n<figure class=\"wp-block-gallery columns-1 is-cropped\"><ul class=\"blocks-gallery-grid\"><li class=\"blocks-gallery-item\"><figure><a href=\"https:\/\/jeromegrandieresphotos.fr\/wp-content\/uploads\/2025\/02\/7V2A0293.jpg\"><img loading=\"lazy\" width=\"1024\" height=\"683\" src=\"https:\/\/jeromegrandieresphotos.fr\/wp-content\/uploads\/2025\/02\/7V2A0293-1024x683.jpg\" alt=\"\" data-id=\"729\" data-full-url=\"https:\/\/jeromegrandieresphotos.fr\/wp-content\/uploads\/2025\/02\/7V2A0293.jpg\" data-link=\"https:\/\/jeromegrandieresphotos.fr\/?attachment_id=729\" class=\"wp-image-729\" srcset=\"https:\/\/jeromegrandieresphotos.fr\/wp-content\/uploads\/2025\/02\/7V2A0293-1024x683.jpg 1024w, https:\/\/jeromegrandieresphotos.fr\/wp-content\/uploads\/2025\/02\/7V2A0293-300x200.jpg 300w, https:\/\/jeromegrandieresphotos.fr\/wp-content\/uploads\/2025\/02\/7V2A0293-768x512.jpg 768w, https:\/\/jeromegrandieresphotos.fr\/wp-content\/uploads\/2025\/02\/7V2A0293-1536x1024.jpg 1536w, https:\/\/jeromegrandieresphotos.fr\/wp-content\/uploads\/2025\/02\/7V2A0293-600x400.jpg 600w, https:\/\/jeromegrandieresphotos.fr\/wp-content\/uploads\/2025\/02\/7V2A0293.jpg 1600w\" sizes=\"(max-width: 1024px) 100vw, 1024px\" \/><\/a><\/figure><\/li><\/ul><\/figure>\n<\/div>\n<\/div>\n\n\n\n<p>Sur la seconde zone , l&rsquo;arm\u00e9e de l&rsquo;air grec \u00e0 mis en statique  phantom, avion de guerre electronique ,Rafale, Mirage 2000 et T-6a Texan 2 . Juste \u00e0 c\u00f4t\u00e9 des avions locaux,  on pourra aussi croiser les avions d&rsquo;autres nations.<\/p>\n\n\n\n<div class=\"wp-block-columns\">\n<div class=\"wp-block-column\">\n<figure class=\"wp-block-gallery columns-1 is-cropped\"><ul class=\"blocks-gallery-grid\"><li class=\"blocks-gallery-item\"><figure><a href=\"https:\/\/jeromegrandieresphotos.fr\/wp-content\/uploads\/2025\/02\/7V2A0235.jpg\"><img loading=\"lazy\" width=\"1024\" height=\"683\" src=\"https:\/\/jeromegrandieresphotos.fr\/wp-content\/uploads\/2025\/02\/7V2A0235-1024x683.jpg\" alt=\"\" data-id=\"714\" data-full-url=\"https:\/\/jeromegrandieresphotos.fr\/wp-content\/uploads\/2025\/02\/7V2A0235.jpg\" data-link=\"https:\/\/jeromegrandieresphotos.fr\/?attachment_id=714\" class=\"wp-image-714\" srcset=\"https:\/\/jeromegrandieresphotos.fr\/wp-content\/uploads\/2025\/02\/7V2A0235-1024x683.jpg 1024w, https:\/\/jeromegrandieresphotos.fr\/wp-content\/uploads\/2025\/02\/7V2A0235-300x200.jpg 300w, https:\/\/jeromegrandieresphotos.fr\/wp-content\/uploads\/2025\/02\/7V2A0235.jpg 1600w\" sizes=\"(max-width: 1024px) 100vw, 1024px\" \/><\/a><\/figure><\/li><\/ul><\/figure>\n<\/div>\n\n\n\n<div class=\"wp-block-column\">\n<figure class=\"wp-block-gallery columns-1 is-cropped\"><ul class=\"blocks-gallery-grid\"><li class=\"blocks-gallery-item\"><figure><a href=\"https:\/\/jeromegrandieresphotos.fr\/wp-content\/uploads\/2025\/02\/7V2A0262.jpg\"><img loading=\"lazy\" width=\"1024\" height=\"683\" src=\"https:\/\/jeromegrandieresphotos.fr\/wp-content\/uploads\/2025\/02\/7V2A0262-1024x683.jpg\" alt=\"\" data-id=\"718\" data-full-url=\"https:\/\/jeromegrandieresphotos.fr\/wp-content\/uploads\/2025\/02\/7V2A0262.jpg\" data-link=\"https:\/\/jeromegrandieresphotos.fr\/?attachment_id=718\" class=\"wp-image-718\" srcset=\"https:\/\/jeromegrandieresphotos.fr\/wp-content\/uploads\/2025\/02\/7V2A0262-1024x683.jpg 1024w, https:\/\/jeromegrandieresphotos.fr\/wp-content\/uploads\/2025\/02\/7V2A0262-300x200.jpg 300w, https:\/\/jeromegrandieresphotos.fr\/wp-content\/uploads\/2025\/02\/7V2A0262-768x512.jpg 768w, https:\/\/jeromegrandieresphotos.fr\/wp-content\/uploads\/2025\/02\/7V2A0262-1536x1024.jpg 1536w, https:\/\/jeromegrandieresphotos.fr\/wp-content\/uploads\/2025\/02\/7V2A0262-600x400.jpg 600w, https:\/\/jeromegrandieresphotos.fr\/wp-content\/uploads\/2025\/02\/7V2A0262.jpg 1600w\" sizes=\"(max-width: 1024px) 100vw, 1024px\" \/><\/a><\/figure><\/li><\/ul><\/figure>\n<\/div>\n\n\n\n<div class=\"wp-block-column\">\n<figure class=\"wp-block-gallery columns-1 is-cropped\"><ul class=\"blocks-gallery-grid\"><li class=\"blocks-gallery-item\"><figure><a href=\"https:\/\/jeromegrandieresphotos.fr\/wp-content\/uploads\/2025\/02\/20240914_100845-2.jpg\"><img loading=\"lazy\" width=\"1024\" height=\"683\" src=\"https:\/\/jeromegrandieresphotos.fr\/wp-content\/uploads\/2025\/02\/20240914_100845-2-1024x683.jpg\" alt=\"\" data-id=\"727\" data-full-url=\"https:\/\/jeromegrandieresphotos.fr\/wp-content\/uploads\/2025\/02\/20240914_100845-2.jpg\" data-link=\"https:\/\/jeromegrandieresphotos.fr\/?attachment_id=727\" class=\"wp-image-727\" srcset=\"https:\/\/jeromegrandieresphotos.fr\/wp-content\/uploads\/2025\/02\/20240914_100845-2-1024x683.jpg 1024w, https:\/\/jeromegrandieresphotos.fr\/wp-content\/uploads\/2025\/02\/20240914_100845-2-300x200.jpg 300w, https:\/\/jeromegrandieresphotos.fr\/wp-content\/uploads\/2025\/02\/20240914_100845-2-768x512.jpg 768w, https:\/\/jeromegrandieresphotos.fr\/wp-content\/uploads\/2025\/02\/20240914_100845-2-1536x1024.jpg 1536w, https:\/\/jeromegrandieresphotos.fr\/wp-content\/uploads\/2025\/02\/20240914_100845-2-600x400.jpg 600w, https:\/\/jeromegrandieresphotos.fr\/wp-content\/uploads\/2025\/02\/20240914_100845-2.jpg 1600w\" sizes=\"(max-width: 1024px) 100vw, 1024px\" \/><\/a><\/figure><\/li><\/ul><\/figure>\n<\/div>\n<\/div>\n\n\n\n<p><\/p>\n\n\n\n<div class=\"wp-block-columns\">\n<div class=\"wp-block-column\">\n<figure class=\"wp-block-gallery columns-1 is-cropped\"><ul class=\"blocks-gallery-grid\"><li class=\"blocks-gallery-item\"><figure><img loading=\"lazy\" width=\"1024\" height=\"683\" src=\"https:\/\/jeromegrandieresphotos.fr\/wp-content\/uploads\/2025\/02\/20240914_103813-1-1024x683.jpg\" alt=\"\" data-id=\"730\" data-full-url=\"https:\/\/jeromegrandieresphotos.fr\/wp-content\/uploads\/2025\/02\/20240914_103813-1.jpg\" data-link=\"https:\/\/jeromegrandieresphotos.fr\/?attachment_id=730\" class=\"wp-image-730\" srcset=\"https:\/\/jeromegrandieresphotos.fr\/wp-content\/uploads\/2025\/02\/20240914_103813-1-1024x683.jpg 1024w, https:\/\/jeromegrandieresphotos.fr\/wp-content\/uploads\/2025\/02\/20240914_103813-1-300x200.jpg 300w, https:\/\/jeromegrandieresphotos.fr\/wp-content\/uploads\/2025\/02\/20240914_103813-1-768x512.jpg 768w, https:\/\/jeromegrandieresphotos.fr\/wp-content\/uploads\/2025\/02\/20240914_103813-1-1536x1024.jpg 1536w, https:\/\/jeromegrandieresphotos.fr\/wp-content\/uploads\/2025\/02\/20240914_103813-1.jpg 1600w\" sizes=\"(max-width: 1024px) 100vw, 1024px\" \/><figcaption class=\"blocks-gallery-item__caption\">T-6a Texan 2<br><\/figcaption><\/figure><\/li><\/ul><\/figure>\n<\/div>\n\n\n\n<div class=\"wp-block-column\">\n<figure class=\"wp-block-gallery columns-0 is-cropped\"><ul class=\"blocks-gallery-grid\"><\/ul><\/figure>\n<\/div>\n<\/div>\n\n\n\n<p>Les am\u00e9ricains sont venus avec deux engins des Marines: un cobra et un V22 osprey  du VMM 365. D\u00e9ception de ne pas les voir voler mais les \u00e9quipages nous ont laiss\u00e9 approcher leurs mat\u00e9riels de tr\u00e8s pr\u00e8s et l&rsquo;un des pilotes \u00e0 jouer le jeu de porter notre patch .<\/p>\n\n\n\n<p><\/p>\n\n\n\n<div class=\"wp-block-columns\">\n<div class=\"wp-block-column\">\n<figure class=\"wp-block-gallery columns-1 is-cropped\"><ul class=\"blocks-gallery-grid\"><li class=\"blocks-gallery-item\"><figure><a href=\"http:\/\/jeromegrandieresphotos.fr\/wp-content\/uploads\/2025\/02\/20240914_101926-1.jpg\"><img loading=\"lazy\" width=\"1024\" height=\"683\" src=\"http:\/\/jeromegrandieresphotos.fr\/wp-content\/uploads\/2025\/02\/20240914_101926-1-1024x683.jpg\" alt=\"\" data-id=\"656\" data-full-url=\"http:\/\/jeromegrandieresphotos.fr\/wp-content\/uploads\/2025\/02\/20240914_101926-1.jpg\" data-link=\"http:\/\/jeromegrandieresphotos.fr\/?attachment_id=656\" class=\"wp-image-656\" srcset=\"https:\/\/jeromegrandieresphotos.fr\/wp-content\/uploads\/2025\/02\/20240914_101926-1-1024x683.jpg 1024w, https:\/\/jeromegrandieresphotos.fr\/wp-content\/uploads\/2025\/02\/20240914_101926-1-300x200.jpg 300w, https:\/\/jeromegrandieresphotos.fr\/wp-content\/uploads\/2025\/02\/20240914_101926-1-768x512.jpg 768w, https:\/\/jeromegrandieresphotos.fr\/wp-content\/uploads\/2025\/02\/20240914_101926-1-1536x1024.jpg 1536w, https:\/\/jeromegrandieresphotos.fr\/wp-content\/uploads\/2025\/02\/20240914_101926-1-600x400.jpg 600w, https:\/\/jeromegrandieresphotos.fr\/wp-content\/uploads\/2025\/02\/20240914_101926-1.jpg 1600w\" sizes=\"(max-width: 1024px) 100vw, 1024px\" \/><\/a><\/figure><\/li><\/ul><\/figure>\n<\/div>\n\n\n\n<div class=\"wp-block-column\">\n<figure class=\"wp-block-gallery columns-1 is-cropped\"><ul class=\"blocks-gallery-grid\"><li class=\"blocks-gallery-item\"><figure><a href=\"http:\/\/jeromegrandieresphotos.fr\/wp-content\/uploads\/2025\/02\/7V2A0216-1.jpg\"><img loading=\"lazy\" width=\"1024\" height=\"683\" src=\"http:\/\/jeromegrandieresphotos.fr\/wp-content\/uploads\/2025\/02\/7V2A0216-1-1024x683.jpg\" alt=\"\" data-id=\"657\" data-full-url=\"http:\/\/jeromegrandieresphotos.fr\/wp-content\/uploads\/2025\/02\/7V2A0216-1.jpg\" data-link=\"http:\/\/jeromegrandieresphotos.fr\/?attachment_id=657\" class=\"wp-image-657\" srcset=\"https:\/\/jeromegrandieresphotos.fr\/wp-content\/uploads\/2025\/02\/7V2A0216-1-1024x683.jpg 1024w, https:\/\/jeromegrandieresphotos.fr\/wp-content\/uploads\/2025\/02\/7V2A0216-1-300x200.jpg 300w, https:\/\/jeromegrandieresphotos.fr\/wp-content\/uploads\/2025\/02\/7V2A0216-1-768x512.jpg 768w, https:\/\/jeromegrandieresphotos.fr\/wp-content\/uploads\/2025\/02\/7V2A0216-1-1536x1024.jpg 1536w, https:\/\/jeromegrandieresphotos.fr\/wp-content\/uploads\/2025\/02\/7V2A0216-1-600x400.jpg 600w, https:\/\/jeromegrandieresphotos.fr\/wp-content\/uploads\/2025\/02\/7V2A0216-1.jpg 1600w\" sizes=\"(max-width: 1024px) 100vw, 1024px\" \/><\/a><\/figure><\/li><\/ul><\/figure>\n<\/div>\n\n\n\n<div class=\"wp-block-column\">\n<figure class=\"wp-block-gallery columns-1 is-cropped\"><ul class=\"blocks-gallery-grid\"><li class=\"blocks-gallery-item\"><figure><a href=\"http:\/\/jeromegrandieresphotos.fr\/wp-content\/uploads\/2025\/02\/7V2A0209-1.jpg\"><img loading=\"lazy\" width=\"1024\" height=\"683\" src=\"http:\/\/jeromegrandieresphotos.fr\/wp-content\/uploads\/2025\/02\/7V2A0209-1-1024x683.jpg\" alt=\"\" data-id=\"659\" data-full-url=\"http:\/\/jeromegrandieresphotos.fr\/wp-content\/uploads\/2025\/02\/7V2A0209-1.jpg\" data-link=\"http:\/\/jeromegrandieresphotos.fr\/?attachment_id=659\" class=\"wp-image-659\" srcset=\"https:\/\/jeromegrandieresphotos.fr\/wp-content\/uploads\/2025\/02\/7V2A0209-1-1024x683.jpg 1024w, https:\/\/jeromegrandieresphotos.fr\/wp-content\/uploads\/2025\/02\/7V2A0209-1-300x200.jpg 300w, https:\/\/jeromegrandieresphotos.fr\/wp-content\/uploads\/2025\/02\/7V2A0209-1-768x512.jpg 768w, https:\/\/jeromegrandieresphotos.fr\/wp-content\/uploads\/2025\/02\/7V2A0209-1-1536x1024.jpg 1536w, https:\/\/jeromegrandieresphotos.fr\/wp-content\/uploads\/2025\/02\/7V2A0209-1-600x400.jpg 600w, https:\/\/jeromegrandieresphotos.fr\/wp-content\/uploads\/2025\/02\/7V2A0209-1.jpg 1600w\" sizes=\"(max-width: 1024px) 100vw, 1024px\" \/><\/a><\/figure><\/li><\/ul><\/figure>\n<\/div>\n<\/div>\n\n\n\n<p> Les italiens ont expos\u00e9s leur derni\u00e8re acquisition: un F35, histoire de montrer le futur cheval de bataille de l&rsquo;aviation grecque. Dommage aussi de ne pas le voir voler mais les \u00e9quipages italiens ne sont peut \u00eatre pas encore habilit\u00e9s \u00e0 pr\u00e9senter le F35 en meeting.<\/p>\n\n\n\n<div class=\"wp-block-columns\">\n<div class=\"wp-block-column\">\n<figure class=\"wp-block-gallery columns-1 is-cropped\"><ul class=\"blocks-gallery-grid\"><li class=\"blocks-gallery-item\"><figure><a href=\"http:\/\/jeromegrandieresphotos.fr\/wp-content\/uploads\/2025\/02\/7V2A0204.jpg\"><img loading=\"lazy\" width=\"1024\" height=\"683\" src=\"http:\/\/jeromegrandieresphotos.fr\/wp-content\/uploads\/2025\/02\/7V2A0204-1024x683.jpg\" alt=\"\" data-id=\"660\" data-full-url=\"http:\/\/jeromegrandieresphotos.fr\/wp-content\/uploads\/2025\/02\/7V2A0204.jpg\" data-link=\"http:\/\/jeromegrandieresphotos.fr\/?attachment_id=660\" class=\"wp-image-660\" srcset=\"https:\/\/jeromegrandieresphotos.fr\/wp-content\/uploads\/2025\/02\/7V2A0204-1024x683.jpg 1024w, https:\/\/jeromegrandieresphotos.fr\/wp-content\/uploads\/2025\/02\/7V2A0204-300x200.jpg 300w, https:\/\/jeromegrandieresphotos.fr\/wp-content\/uploads\/2025\/02\/7V2A0204-768x512.jpg 768w, https:\/\/jeromegrandieresphotos.fr\/wp-content\/uploads\/2025\/02\/7V2A0204-1536x1024.jpg 1536w, https:\/\/jeromegrandieresphotos.fr\/wp-content\/uploads\/2025\/02\/7V2A0204-600x400.jpg 600w, https:\/\/jeromegrandieresphotos.fr\/wp-content\/uploads\/2025\/02\/7V2A0204.jpg 1600w\" sizes=\"(max-width: 1024px) 100vw, 1024px\" \/><\/a><\/figure><\/li><\/ul><\/figure>\n<\/div>\n<\/div>\n\n\n\n<p>Un Pilatus de d\u00e9monstration autrichien ainsi qu&rsquo;un Typhoon allemand \u00e9tait aussi parqu\u00e9 sur le tarmac.<\/p>\n\n\n\n<div class=\"wp-block-columns\">\n<div class=\"wp-block-column\">\n<figure class=\"wp-block-gallery columns-1 is-cropped\"><ul class=\"blocks-gallery-grid\"><li class=\"blocks-gallery-item\"><figure><a href=\"http:\/\/jeromegrandieresphotos.fr\/wp-content\/uploads\/2025\/02\/20240914_103714.jpg\"><img loading=\"lazy\" width=\"1024\" height=\"683\" src=\"http:\/\/jeromegrandieresphotos.fr\/wp-content\/uploads\/2025\/02\/20240914_103714-1024x683.jpg\" alt=\"\" data-id=\"638\" data-full-url=\"http:\/\/jeromegrandieresphotos.fr\/wp-content\/uploads\/2025\/02\/20240914_103714.jpg\" data-link=\"http:\/\/jeromegrandieresphotos.fr\/?attachment_id=638\" class=\"wp-image-638\" srcset=\"https:\/\/jeromegrandieresphotos.fr\/wp-content\/uploads\/2025\/02\/20240914_103714-1024x683.jpg 1024w, https:\/\/jeromegrandieresphotos.fr\/wp-content\/uploads\/2025\/02\/20240914_103714-300x200.jpg 300w, https:\/\/jeromegrandieresphotos.fr\/wp-content\/uploads\/2025\/02\/20240914_103714-768x512.jpg 768w, https:\/\/jeromegrandieresphotos.fr\/wp-content\/uploads\/2025\/02\/20240914_103714-1536x1024.jpg 1536w, https:\/\/jeromegrandieresphotos.fr\/wp-content\/uploads\/2025\/02\/20240914_103714-600x400.jpg 600w, https:\/\/jeromegrandieresphotos.fr\/wp-content\/uploads\/2025\/02\/20240914_103714.jpg 1600w\" sizes=\"(max-width: 1024px) 100vw, 1024px\" \/><\/a><\/figure><\/li><\/ul><\/figure>\n<\/div>\n\n\n\n<div class=\"wp-block-column\">\n<figure class=\"wp-block-gallery columns-1 is-cropped\"><ul class=\"blocks-gallery-grid\"><li class=\"blocks-gallery-item\"><figure><a href=\"http:\/\/jeromegrandieresphotos.fr\/wp-content\/uploads\/2025\/02\/20240914_103856.jpg\"><img loading=\"lazy\" width=\"1024\" height=\"683\" src=\"http:\/\/jeromegrandieresphotos.fr\/wp-content\/uploads\/2025\/02\/20240914_103856-1024x683.jpg\" alt=\"\" data-id=\"639\" data-full-url=\"http:\/\/jeromegrandieresphotos.fr\/wp-content\/uploads\/2025\/02\/20240914_103856.jpg\" data-link=\"http:\/\/jeromegrandieresphotos.fr\/?attachment_id=639\" class=\"wp-image-639\" srcset=\"https:\/\/jeromegrandieresphotos.fr\/wp-content\/uploads\/2025\/02\/20240914_103856-1024x683.jpg 1024w, https:\/\/jeromegrandieresphotos.fr\/wp-content\/uploads\/2025\/02\/20240914_103856-300x200.jpg 300w, https:\/\/jeromegrandieresphotos.fr\/wp-content\/uploads\/2025\/02\/20240914_103856-768x512.jpg 768w, https:\/\/jeromegrandieresphotos.fr\/wp-content\/uploads\/2025\/02\/20240914_103856-1536x1024.jpg 1536w, https:\/\/jeromegrandieresphotos.fr\/wp-content\/uploads\/2025\/02\/20240914_103856-600x400.jpg 600w, https:\/\/jeromegrandieresphotos.fr\/wp-content\/uploads\/2025\/02\/20240914_103856.jpg 1600w\" sizes=\"(max-width: 1024px) 100vw, 1024px\" \/><\/a><\/figure><\/li><\/ul><\/figure>\n<\/div>\n\n\n\n<div class=\"wp-block-column\">\n<figure class=\"wp-block-gallery columns-0 is-cropped\"><ul class=\"blocks-gallery-grid\"><\/ul><\/figure>\n<\/div>\n<\/div>\n\n\n\n<p><\/p>\n\n\n\n<p><strong>D\u00e9monstrations Dynamiques :<\/strong><\/p>\n\n\n\n<div class=\"wp-block-columns\">\n<div class=\"wp-block-column\" style=\"flex-basis:100%\"><\/div>\n<\/div>\n\n\n\n<p>Le samedi, le show a\u00e9rien commence \u00e0 13h et fini au couch\u00e9 du soleil. Le dimanche cela commence \u00e0 11h et se termine vers 18h. Le d\u00e9but du show a\u00e9rien commence par un largage de parachutiste au couleur du pays, puis des avions de ligne font des passages public avant les d\u00e9monstrations  plus dynamiques. <\/p>\n\n\n\n<figure class=\"wp-block-gallery columns-1 is-cropped\"><ul class=\"blocks-gallery-grid\"><li class=\"blocks-gallery-item\"><figure><a href=\"http:\/\/jeromegrandieresphotos.fr\/wp-content\/uploads\/2025\/02\/RY5A1917.jpg\"><img loading=\"lazy\" width=\"1024\" height=\"683\" src=\"http:\/\/jeromegrandieresphotos.fr\/wp-content\/uploads\/2025\/02\/RY5A1917-1024x683.jpg\" alt=\"\" data-id=\"662\" data-full-url=\"http:\/\/jeromegrandieresphotos.fr\/wp-content\/uploads\/2025\/02\/RY5A1917.jpg\" data-link=\"http:\/\/jeromegrandieresphotos.fr\/?attachment_id=662\" class=\"wp-image-662\" srcset=\"https:\/\/jeromegrandieresphotos.fr\/wp-content\/uploads\/2025\/02\/RY5A1917-1024x683.jpg 1024w, https:\/\/jeromegrandieresphotos.fr\/wp-content\/uploads\/2025\/02\/RY5A1917-300x200.jpg 300w, https:\/\/jeromegrandieresphotos.fr\/wp-content\/uploads\/2025\/02\/RY5A1917-768x512.jpg 768w, https:\/\/jeromegrandieresphotos.fr\/wp-content\/uploads\/2025\/02\/RY5A1917-1536x1024.jpg 1536w, https:\/\/jeromegrandieresphotos.fr\/wp-content\/uploads\/2025\/02\/RY5A1917-600x400.jpg 600w, https:\/\/jeromegrandieresphotos.fr\/wp-content\/uploads\/2025\/02\/RY5A1917.jpg 1600w\" sizes=\"(max-width: 1024px) 100vw, 1024px\" \/><\/a><\/figure><\/li><\/ul><\/figure>\n\n\n\n<p>Passage de Liner de compagnie grec et chinoise<\/p>\n\n\n\n<div class=\"wp-block-columns\">\n<div class=\"wp-block-column\">\n<figure class=\"wp-block-gallery columns-1 is-cropped\"><ul class=\"blocks-gallery-grid\"><li class=\"blocks-gallery-item\"><figure><a href=\"http:\/\/jeromegrandieresphotos.fr\/wp-content\/uploads\/2025\/02\/RY5A1923.jpg\"><img loading=\"lazy\" width=\"1024\" height=\"683\" src=\"http:\/\/jeromegrandieresphotos.fr\/wp-content\/uploads\/2025\/02\/RY5A1923-1024x683.jpg\" alt=\"\" data-id=\"653\" data-full-url=\"http:\/\/jeromegrandieresphotos.fr\/wp-content\/uploads\/2025\/02\/RY5A1923.jpg\" data-link=\"http:\/\/jeromegrandieresphotos.fr\/?attachment_id=653\" class=\"wp-image-653\" srcset=\"https:\/\/jeromegrandieresphotos.fr\/wp-content\/uploads\/2025\/02\/RY5A1923-1024x683.jpg 1024w, https:\/\/jeromegrandieresphotos.fr\/wp-content\/uploads\/2025\/02\/RY5A1923-300x200.jpg 300w, https:\/\/jeromegrandieresphotos.fr\/wp-content\/uploads\/2025\/02\/RY5A1923-768x512.jpg 768w, https:\/\/jeromegrandieresphotos.fr\/wp-content\/uploads\/2025\/02\/RY5A1923-1536x1024.jpg 1536w, https:\/\/jeromegrandieresphotos.fr\/wp-content\/uploads\/2025\/02\/RY5A1923-600x400.jpg 600w, https:\/\/jeromegrandieresphotos.fr\/wp-content\/uploads\/2025\/02\/RY5A1923.jpg 1600w\" sizes=\"(max-width: 1024px) 100vw, 1024px\" \/><\/a><\/figure><\/li><\/ul><\/figure>\n<\/div>\n\n\n\n<div class=\"wp-block-column\">\n<figure class=\"wp-block-gallery columns-1 is-cropped\"><ul class=\"blocks-gallery-grid\"><li class=\"blocks-gallery-item\"><figure><a href=\"http:\/\/jeromegrandieresphotos.fr\/wp-content\/uploads\/2025\/02\/RY5A3732.jpg\"><img loading=\"lazy\" width=\"1024\" height=\"683\" src=\"http:\/\/jeromegrandieresphotos.fr\/wp-content\/uploads\/2025\/02\/RY5A3732-1024x683.jpg\" alt=\"\" data-id=\"654\" data-full-url=\"http:\/\/jeromegrandieresphotos.fr\/wp-content\/uploads\/2025\/02\/RY5A3732.jpg\" data-link=\"http:\/\/jeromegrandieresphotos.fr\/?attachment_id=654\" class=\"wp-image-654\" srcset=\"https:\/\/jeromegrandieresphotos.fr\/wp-content\/uploads\/2025\/02\/RY5A3732-1024x683.jpg 1024w, https:\/\/jeromegrandieresphotos.fr\/wp-content\/uploads\/2025\/02\/RY5A3732-300x200.jpg 300w, https:\/\/jeromegrandieresphotos.fr\/wp-content\/uploads\/2025\/02\/RY5A3732-768x512.jpg 768w, https:\/\/jeromegrandieresphotos.fr\/wp-content\/uploads\/2025\/02\/RY5A3732-1536x1024.jpg 1536w, https:\/\/jeromegrandieresphotos.fr\/wp-content\/uploads\/2025\/02\/RY5A3732-600x400.jpg 600w, https:\/\/jeromegrandieresphotos.fr\/wp-content\/uploads\/2025\/02\/RY5A3732.jpg 1600w\" sizes=\"(max-width: 1024px) 100vw, 1024px\" \/><\/a><\/figure><\/li><\/ul><\/figure>\n<\/div>\n\n\n\n<div class=\"wp-block-column\">\n<figure class=\"wp-block-gallery columns-1 is-cropped\"><ul class=\"blocks-gallery-grid\"><li class=\"blocks-gallery-item\"><figure><a href=\"http:\/\/jeromegrandieresphotos.fr\/wp-content\/uploads\/2025\/02\/RY5A3752.jpg\"><img loading=\"lazy\" width=\"1024\" height=\"683\" src=\"http:\/\/jeromegrandieresphotos.fr\/wp-content\/uploads\/2025\/02\/RY5A3752-1024x683.jpg\" alt=\"\" data-id=\"655\" data-full-url=\"http:\/\/jeromegrandieresphotos.fr\/wp-content\/uploads\/2025\/02\/RY5A3752.jpg\" data-link=\"http:\/\/jeromegrandieresphotos.fr\/?attachment_id=655\" class=\"wp-image-655\" srcset=\"https:\/\/jeromegrandieresphotos.fr\/wp-content\/uploads\/2025\/02\/RY5A3752-1024x683.jpg 1024w, https:\/\/jeromegrandieresphotos.fr\/wp-content\/uploads\/2025\/02\/RY5A3752-300x200.jpg 300w, https:\/\/jeromegrandieresphotos.fr\/wp-content\/uploads\/2025\/02\/RY5A3752-768x512.jpg 768w, https:\/\/jeromegrandieresphotos.fr\/wp-content\/uploads\/2025\/02\/RY5A3752-1536x1024.jpg 1536w, https:\/\/jeromegrandieresphotos.fr\/wp-content\/uploads\/2025\/02\/RY5A3752-600x400.jpg 600w, https:\/\/jeromegrandieresphotos.fr\/wp-content\/uploads\/2025\/02\/RY5A3752.jpg 1600w\" sizes=\"(max-width: 1024px) 100vw, 1024px\" \/><\/a><\/figure><\/li><\/ul><\/figure>\n<\/div>\n<\/div>\n\n\n\n<p>Plusieurs patrouilles sont venues peindre leurs tableaux dans le ciel de Tanagra. La Patrouille espagnole Aguila n&rsquo;a pu faire sa d\u00e9monstration qu&rsquo;\u00e0 5 appareils au lieu de 6 rendant quelques figures dysim\u00e9triques mais l&rsquo;extravagance des commentaires  du pr\u00e9sentateur de la patrouille espagnole \u00ab\u00a0spectacular\u00a0\u00bb ont fait oubli\u00e9 ce petit souci.<\/p>\n\n\n\n<div class=\"wp-block-columns\">\n<div class=\"wp-block-column\">\n<figure class=\"wp-block-gallery columns-1 is-cropped\"><ul class=\"blocks-gallery-grid\"><li class=\"blocks-gallery-item\"><figure><a href=\"http:\/\/jeromegrandieresphotos.fr\/wp-content\/uploads\/2025\/02\/7V2A2969.jpg\"><img loading=\"lazy\" width=\"1024\" height=\"683\" src=\"http:\/\/jeromegrandieresphotos.fr\/wp-content\/uploads\/2025\/02\/7V2A2969-1024x683.jpg\" alt=\"\" data-id=\"663\" data-full-url=\"http:\/\/jeromegrandieresphotos.fr\/wp-content\/uploads\/2025\/02\/7V2A2969.jpg\" data-link=\"http:\/\/jeromegrandieresphotos.fr\/?attachment_id=663\" class=\"wp-image-663\" srcset=\"https:\/\/jeromegrandieresphotos.fr\/wp-content\/uploads\/2025\/02\/7V2A2969-1024x683.jpg 1024w, https:\/\/jeromegrandieresphotos.fr\/wp-content\/uploads\/2025\/02\/7V2A2969-300x200.jpg 300w, https:\/\/jeromegrandieresphotos.fr\/wp-content\/uploads\/2025\/02\/7V2A2969-768x512.jpg 768w, https:\/\/jeromegrandieresphotos.fr\/wp-content\/uploads\/2025\/02\/7V2A2969-1536x1024.jpg 1536w, https:\/\/jeromegrandieresphotos.fr\/wp-content\/uploads\/2025\/02\/7V2A2969-600x400.jpg 600w, https:\/\/jeromegrandieresphotos.fr\/wp-content\/uploads\/2025\/02\/7V2A2969.jpg 1600w\" sizes=\"(max-width: 1024px) 100vw, 1024px\" \/><\/a><\/figure><\/li><\/ul><\/figure>\n<\/div>\n\n\n\n<div class=\"wp-block-column\">\n<figure class=\"wp-block-gallery columns-1 is-cropped\"><ul class=\"blocks-gallery-grid\"><li class=\"blocks-gallery-item\"><figure><a href=\"http:\/\/jeromegrandieresphotos.fr\/wp-content\/uploads\/2025\/02\/RY5A2826-1.jpg\"><img loading=\"lazy\" width=\"1024\" height=\"683\" src=\"http:\/\/jeromegrandieresphotos.fr\/wp-content\/uploads\/2025\/02\/RY5A2826-1-1024x683.jpg\" alt=\"\" data-id=\"669\" data-full-url=\"http:\/\/jeromegrandieresphotos.fr\/wp-content\/uploads\/2025\/02\/RY5A2826-1.jpg\" data-link=\"http:\/\/jeromegrandieresphotos.fr\/?attachment_id=669\" class=\"wp-image-669\" srcset=\"https:\/\/jeromegrandieresphotos.fr\/wp-content\/uploads\/2025\/02\/RY5A2826-1-1024x683.jpg 1024w, https:\/\/jeromegrandieresphotos.fr\/wp-content\/uploads\/2025\/02\/RY5A2826-1-300x200.jpg 300w, https:\/\/jeromegrandieresphotos.fr\/wp-content\/uploads\/2025\/02\/RY5A2826-1-768x512.jpg 768w, https:\/\/jeromegrandieresphotos.fr\/wp-content\/uploads\/2025\/02\/RY5A2826-1-1536x1024.jpg 1536w, https:\/\/jeromegrandieresphotos.fr\/wp-content\/uploads\/2025\/02\/RY5A2826-1-600x400.jpg 600w, https:\/\/jeromegrandieresphotos.fr\/wp-content\/uploads\/2025\/02\/RY5A2826-1.jpg 1600w\" sizes=\"(max-width: 1024px) 100vw, 1024px\" \/><\/a><\/figure><\/li><\/ul><\/figure>\n<\/div>\n\n\n\n<div class=\"wp-block-column\">\n<figure class=\"wp-block-gallery columns-1 is-cropped\"><ul class=\"blocks-gallery-grid\"><li class=\"blocks-gallery-item\"><figure><a href=\"http:\/\/jeromegrandieresphotos.fr\/wp-content\/uploads\/2025\/02\/RY5A2935-1.jpg\"><img loading=\"lazy\" width=\"1024\" height=\"683\" src=\"http:\/\/jeromegrandieresphotos.fr\/wp-content\/uploads\/2025\/02\/RY5A2935-1-1024x683.jpg\" alt=\"\" data-id=\"670\" data-full-url=\"http:\/\/jeromegrandieresphotos.fr\/wp-content\/uploads\/2025\/02\/RY5A2935-1.jpg\" data-link=\"http:\/\/jeromegrandieresphotos.fr\/?attachment_id=670\" class=\"wp-image-670\" srcset=\"https:\/\/jeromegrandieresphotos.fr\/wp-content\/uploads\/2025\/02\/RY5A2935-1-1024x683.jpg 1024w, https:\/\/jeromegrandieresphotos.fr\/wp-content\/uploads\/2025\/02\/RY5A2935-1-300x200.jpg 300w, https:\/\/jeromegrandieresphotos.fr\/wp-content\/uploads\/2025\/02\/RY5A2935-1-768x512.jpg 768w, https:\/\/jeromegrandieresphotos.fr\/wp-content\/uploads\/2025\/02\/RY5A2935-1-1536x1024.jpg 1536w, https:\/\/jeromegrandieresphotos.fr\/wp-content\/uploads\/2025\/02\/RY5A2935-1-600x400.jpg 600w, https:\/\/jeromegrandieresphotos.fr\/wp-content\/uploads\/2025\/02\/RY5A2935-1.jpg 1600w\" sizes=\"(max-width: 1024px) 100vw, 1024px\" \/><\/a><\/figure><\/li><\/ul><\/figure>\n<\/div>\n<\/div>\n\n\n\n<p>La patrouille PC-7 Team avec ces neufs Pilatus montre la pr\u00e9cision suisse, encha\u00eenant les vols en formations, les croisements , toujours un r\u00e9gal \u00e0 voir.<\/p>\n\n\n\n<div class=\"wp-block-columns\">\n<div class=\"wp-block-column\">\n<figure class=\"wp-block-gallery columns-1 is-cropped\"><ul class=\"blocks-gallery-grid\"><li class=\"blocks-gallery-item\"><figure><a href=\"http:\/\/jeromegrandieresphotos.fr\/wp-content\/uploads\/2025\/02\/7V2A2528.jpg\"><img loading=\"lazy\" width=\"1024\" height=\"683\" src=\"http:\/\/jeromegrandieresphotos.fr\/wp-content\/uploads\/2025\/02\/7V2A2528-1024x683.jpg\" alt=\"\" data-id=\"666\" data-full-url=\"http:\/\/jeromegrandieresphotos.fr\/wp-content\/uploads\/2025\/02\/7V2A2528.jpg\" data-link=\"http:\/\/jeromegrandieresphotos.fr\/?attachment_id=666\" class=\"wp-image-666\" srcset=\"https:\/\/jeromegrandieresphotos.fr\/wp-content\/uploads\/2025\/02\/7V2A2528-1024x683.jpg 1024w, https:\/\/jeromegrandieresphotos.fr\/wp-content\/uploads\/2025\/02\/7V2A2528-300x200.jpg 300w, https:\/\/jeromegrandieresphotos.fr\/wp-content\/uploads\/2025\/02\/7V2A2528-768x512.jpg 768w, https:\/\/jeromegrandieresphotos.fr\/wp-content\/uploads\/2025\/02\/7V2A2528-1536x1024.jpg 1536w, https:\/\/jeromegrandieresphotos.fr\/wp-content\/uploads\/2025\/02\/7V2A2528-600x400.jpg 600w, https:\/\/jeromegrandieresphotos.fr\/wp-content\/uploads\/2025\/02\/7V2A2528.jpg 1600w\" sizes=\"(max-width: 1024px) 100vw, 1024px\" \/><\/a><\/figure><\/li><\/ul><\/figure>\n<\/div>\n\n\n\n<div class=\"wp-block-column\">\n<figure class=\"wp-block-gallery columns-1 is-cropped\"><ul class=\"blocks-gallery-grid\"><li class=\"blocks-gallery-item\"><figure><a href=\"http:\/\/jeromegrandieresphotos.fr\/wp-content\/uploads\/2025\/02\/RY5A2581.jpg\"><img loading=\"lazy\" width=\"1024\" height=\"683\" src=\"http:\/\/jeromegrandieresphotos.fr\/wp-content\/uploads\/2025\/02\/RY5A2581-1024x683.jpg\" alt=\"\" data-id=\"667\" data-full-url=\"http:\/\/jeromegrandieresphotos.fr\/wp-content\/uploads\/2025\/02\/RY5A2581.jpg\" data-link=\"http:\/\/jeromegrandieresphotos.fr\/?attachment_id=667\" class=\"wp-image-667\" srcset=\"https:\/\/jeromegrandieresphotos.fr\/wp-content\/uploads\/2025\/02\/RY5A2581-1024x683.jpg 1024w, https:\/\/jeromegrandieresphotos.fr\/wp-content\/uploads\/2025\/02\/RY5A2581-300x200.jpg 300w, https:\/\/jeromegrandieresphotos.fr\/wp-content\/uploads\/2025\/02\/RY5A2581-768x512.jpg 768w, https:\/\/jeromegrandieresphotos.fr\/wp-content\/uploads\/2025\/02\/RY5A2581-1536x1024.jpg 1536w, https:\/\/jeromegrandieresphotos.fr\/wp-content\/uploads\/2025\/02\/RY5A2581-600x400.jpg 600w, https:\/\/jeromegrandieresphotos.fr\/wp-content\/uploads\/2025\/02\/RY5A2581.jpg 1600w\" sizes=\"(max-width: 1024px) 100vw, 1024px\" \/><\/a><\/figure><\/li><\/ul><\/figure>\n<\/div>\n\n\n\n<div class=\"wp-block-column\">\n<figure class=\"wp-block-gallery columns-1 is-cropped\"><ul class=\"blocks-gallery-grid\"><li class=\"blocks-gallery-item\"><figure><a href=\"http:\/\/jeromegrandieresphotos.fr\/wp-content\/uploads\/2025\/02\/RY5A3215.jpg\"><img loading=\"lazy\" width=\"1024\" height=\"683\" src=\"http:\/\/jeromegrandieresphotos.fr\/wp-content\/uploads\/2025\/02\/RY5A3215-1024x683.jpg\" alt=\"\" data-id=\"668\" data-full-url=\"http:\/\/jeromegrandieresphotos.fr\/wp-content\/uploads\/2025\/02\/RY5A3215.jpg\" data-link=\"http:\/\/jeromegrandieresphotos.fr\/?attachment_id=668\" class=\"wp-image-668\" srcset=\"https:\/\/jeromegrandieresphotos.fr\/wp-content\/uploads\/2025\/02\/RY5A3215-1024x683.jpg 1024w, https:\/\/jeromegrandieresphotos.fr\/wp-content\/uploads\/2025\/02\/RY5A3215-300x200.jpg 300w, https:\/\/jeromegrandieresphotos.fr\/wp-content\/uploads\/2025\/02\/RY5A3215-768x512.jpg 768w, https:\/\/jeromegrandieresphotos.fr\/wp-content\/uploads\/2025\/02\/RY5A3215-1536x1024.jpg 1536w, https:\/\/jeromegrandieresphotos.fr\/wp-content\/uploads\/2025\/02\/RY5A3215-600x400.jpg 600w, https:\/\/jeromegrandieresphotos.fr\/wp-content\/uploads\/2025\/02\/RY5A3215.jpg 1600w\" sizes=\"(max-width: 1024px) 100vw, 1024px\" \/><\/a><\/figure><\/li><\/ul><\/figure>\n<\/div>\n<\/div>\n\n\n\n<p>La derni\u00e8re patrouille et  non des moindres, les Saudi Hawks d&rsquo;Arabie Saoudite est venue une fois de plus \u00e0 cet \u00e9v\u00e9nement pour montrer ces capacit\u00e9s d&rsquo;agilit\u00e9 et de voltige , enchainant les man\u0153uvres impressionnantes.<\/p>\n\n\n\n<p> <\/p>\n\n\n\n<div class=\"wp-block-columns\">\n<div class=\"wp-block-column\">\n<figure class=\"wp-block-gallery columns-1 is-cropped\"><ul class=\"blocks-gallery-grid\"><li class=\"blocks-gallery-item\"><figure><a href=\"http:\/\/jeromegrandieresphotos.fr\/wp-content\/uploads\/2025\/02\/7V2A0978.jpg\"><img loading=\"lazy\" width=\"1024\" height=\"683\" src=\"http:\/\/jeromegrandieresphotos.fr\/wp-content\/uploads\/2025\/02\/7V2A0978-1024x683.jpg\" alt=\"\" data-id=\"671\" data-full-url=\"http:\/\/jeromegrandieresphotos.fr\/wp-content\/uploads\/2025\/02\/7V2A0978.jpg\" data-link=\"http:\/\/jeromegrandieresphotos.fr\/?attachment_id=671\" class=\"wp-image-671\" srcset=\"https:\/\/jeromegrandieresphotos.fr\/wp-content\/uploads\/2025\/02\/7V2A0978-1024x683.jpg 1024w, https:\/\/jeromegrandieresphotos.fr\/wp-content\/uploads\/2025\/02\/7V2A0978-300x200.jpg 300w, https:\/\/jeromegrandieresphotos.fr\/wp-content\/uploads\/2025\/02\/7V2A0978-768x512.jpg 768w, https:\/\/jeromegrandieresphotos.fr\/wp-content\/uploads\/2025\/02\/7V2A0978-1536x1024.jpg 1536w, https:\/\/jeromegrandieresphotos.fr\/wp-content\/uploads\/2025\/02\/7V2A0978-600x400.jpg 600w, https:\/\/jeromegrandieresphotos.fr\/wp-content\/uploads\/2025\/02\/7V2A0978.jpg 1600w\" sizes=\"(max-width: 1024px) 100vw, 1024px\" \/><\/a><\/figure><\/li><\/ul><\/figure>\n<\/div>\n\n\n\n<div class=\"wp-block-column\">\n<figure class=\"wp-block-gallery columns-1 is-cropped\"><ul class=\"blocks-gallery-grid\"><li class=\"blocks-gallery-item\"><figure><a href=\"http:\/\/jeromegrandieresphotos.fr\/wp-content\/uploads\/2025\/02\/7V2A5494.jpg\"><img loading=\"lazy\" width=\"1024\" height=\"683\" src=\"http:\/\/jeromegrandieresphotos.fr\/wp-content\/uploads\/2025\/02\/7V2A5494-1024x683.jpg\" alt=\"\" data-id=\"672\" data-full-url=\"http:\/\/jeromegrandieresphotos.fr\/wp-content\/uploads\/2025\/02\/7V2A5494.jpg\" data-link=\"http:\/\/jeromegrandieresphotos.fr\/?attachment_id=672\" class=\"wp-image-672\" srcset=\"https:\/\/jeromegrandieresphotos.fr\/wp-content\/uploads\/2025\/02\/7V2A5494-1024x683.jpg 1024w, https:\/\/jeromegrandieresphotos.fr\/wp-content\/uploads\/2025\/02\/7V2A5494-300x200.jpg 300w, https:\/\/jeromegrandieresphotos.fr\/wp-content\/uploads\/2025\/02\/7V2A5494-768x512.jpg 768w, https:\/\/jeromegrandieresphotos.fr\/wp-content\/uploads\/2025\/02\/7V2A5494-1536x1024.jpg 1536w, https:\/\/jeromegrandieresphotos.fr\/wp-content\/uploads\/2025\/02\/7V2A5494-600x400.jpg 600w, https:\/\/jeromegrandieresphotos.fr\/wp-content\/uploads\/2025\/02\/7V2A5494.jpg 1600w\" sizes=\"(max-width: 1024px) 100vw, 1024px\" \/><\/a><\/figure><\/li><\/ul><\/figure>\n<\/div>\n\n\n\n<div class=\"wp-block-column\">\n<figure class=\"wp-block-gallery columns-1 is-cropped\"><ul class=\"blocks-gallery-grid\"><li class=\"blocks-gallery-item\"><figure><a href=\"http:\/\/jeromegrandieresphotos.fr\/wp-content\/uploads\/2025\/02\/7V2A1227.jpg\"><img loading=\"lazy\" width=\"1024\" height=\"683\" src=\"http:\/\/jeromegrandieresphotos.fr\/wp-content\/uploads\/2025\/02\/7V2A1227-1024x683.jpg\" alt=\"\" data-id=\"673\" data-full-url=\"http:\/\/jeromegrandieresphotos.fr\/wp-content\/uploads\/2025\/02\/7V2A1227.jpg\" data-link=\"http:\/\/jeromegrandieresphotos.fr\/?attachment_id=673\" class=\"wp-image-673\" srcset=\"https:\/\/jeromegrandieresphotos.fr\/wp-content\/uploads\/2025\/02\/7V2A1227-1024x683.jpg 1024w, https:\/\/jeromegrandieresphotos.fr\/wp-content\/uploads\/2025\/02\/7V2A1227-300x200.jpg 300w, https:\/\/jeromegrandieresphotos.fr\/wp-content\/uploads\/2025\/02\/7V2A1227-768x512.jpg 768w, https:\/\/jeromegrandieresphotos.fr\/wp-content\/uploads\/2025\/02\/7V2A1227-1536x1024.jpg 1536w, https:\/\/jeromegrandieresphotos.fr\/wp-content\/uploads\/2025\/02\/7V2A1227-600x400.jpg 600w, https:\/\/jeromegrandieresphotos.fr\/wp-content\/uploads\/2025\/02\/7V2A1227.jpg 1600w\" sizes=\"(max-width: 1024px) 100vw, 1024px\" \/><\/a><\/figure><\/li><\/ul><\/figure>\n<\/div>\n<\/div>\n\n\n\n<p>Question voltige, nous \u00e9tions servit avec diff\u00e9rents intervenant solo :  Le Hollandais  Frank Van Houten  avec son Suhkoi 26, le solo autrichien sur Pilatus PC-7, un planneur  Swift S-1 et le solo Grecque avec son Pilatus \u00e0 la tr\u00e8s belle robe historique. <\/p>\n\n\n\n<div class=\"wp-block-columns\">\n<div class=\"wp-block-column\">\n<figure class=\"wp-block-gallery columns-1 is-cropped\"><ul class=\"blocks-gallery-grid\"><li class=\"blocks-gallery-item\"><figure><img loading=\"lazy\" width=\"1024\" height=\"683\" src=\"http:\/\/jeromegrandieresphotos.fr\/wp-content\/uploads\/2025\/02\/7V2A5158-1024x683.jpg\" alt=\"\" data-id=\"675\" data-full-url=\"http:\/\/jeromegrandieresphotos.fr\/wp-content\/uploads\/2025\/02\/7V2A5158.jpg\" data-link=\"http:\/\/jeromegrandieresphotos.fr\/?attachment_id=675\" class=\"wp-image-675\" srcset=\"https:\/\/jeromegrandieresphotos.fr\/wp-content\/uploads\/2025\/02\/7V2A5158-1024x683.jpg 1024w, https:\/\/jeromegrandieresphotos.fr\/wp-content\/uploads\/2025\/02\/7V2A5158-300x200.jpg 300w, https:\/\/jeromegrandieresphotos.fr\/wp-content\/uploads\/2025\/02\/7V2A5158-768x512.jpg 768w, https:\/\/jeromegrandieresphotos.fr\/wp-content\/uploads\/2025\/02\/7V2A5158-1536x1024.jpg 1536w, https:\/\/jeromegrandieresphotos.fr\/wp-content\/uploads\/2025\/02\/7V2A5158-600x400.jpg 600w, https:\/\/jeromegrandieresphotos.fr\/wp-content\/uploads\/2025\/02\/7V2A5158.jpg 1600w\" sizes=\"(max-width: 1024px) 100vw, 1024px\" \/><figcaption class=\"blocks-gallery-item__caption\">Sukhoi 26<\/figcaption><\/figure><\/li><\/ul><\/figure>\n<\/div>\n\n\n\n<div class=\"wp-block-column\">\n<figure class=\"wp-block-gallery columns-1 is-cropped\"><ul class=\"blocks-gallery-grid\"><li class=\"blocks-gallery-item\"><figure><img loading=\"lazy\" width=\"1024\" height=\"683\" src=\"http:\/\/jeromegrandieresphotos.fr\/wp-content\/uploads\/2025\/02\/7V2A0356-1024x683.jpg\" alt=\"\" data-id=\"676\" data-full-url=\"http:\/\/jeromegrandieresphotos.fr\/wp-content\/uploads\/2025\/02\/7V2A0356.jpg\" data-link=\"http:\/\/jeromegrandieresphotos.fr\/?attachment_id=676\" class=\"wp-image-676\" srcset=\"https:\/\/jeromegrandieresphotos.fr\/wp-content\/uploads\/2025\/02\/7V2A0356-1024x683.jpg 1024w, https:\/\/jeromegrandieresphotos.fr\/wp-content\/uploads\/2025\/02\/7V2A0356-300x200.jpg 300w, https:\/\/jeromegrandieresphotos.fr\/wp-content\/uploads\/2025\/02\/7V2A0356-768x512.jpg 768w, https:\/\/jeromegrandieresphotos.fr\/wp-content\/uploads\/2025\/02\/7V2A0356-1536x1024.jpg 1536w, https:\/\/jeromegrandieresphotos.fr\/wp-content\/uploads\/2025\/02\/7V2A0356-600x400.jpg 600w, https:\/\/jeromegrandieresphotos.fr\/wp-content\/uploads\/2025\/02\/7V2A0356.jpg 1600w\" sizes=\"(max-width: 1024px) 100vw, 1024px\" \/><\/figure><\/li><\/ul><\/figure>\n<\/div>\n<\/div>\n\n\n\n<div class=\"wp-block-columns\">\n<div class=\"wp-block-column\">\n<figure class=\"wp-block-gallery columns-1 is-cropped\"><ul class=\"blocks-gallery-grid\"><li class=\"blocks-gallery-item\"><figure><img loading=\"lazy\" width=\"1024\" height=\"683\" src=\"http:\/\/jeromegrandieresphotos.fr\/wp-content\/uploads\/2025\/02\/7V2A4560-1024x683.jpg\" alt=\"\" data-id=\"677\" data-full-url=\"http:\/\/jeromegrandieresphotos.fr\/wp-content\/uploads\/2025\/02\/7V2A4560.jpg\" data-link=\"http:\/\/jeromegrandieresphotos.fr\/?attachment_id=677\" class=\"wp-image-677\" srcset=\"https:\/\/jeromegrandieresphotos.fr\/wp-content\/uploads\/2025\/02\/7V2A4560-1024x683.jpg 1024w, https:\/\/jeromegrandieresphotos.fr\/wp-content\/uploads\/2025\/02\/7V2A4560-300x200.jpg 300w, https:\/\/jeromegrandieresphotos.fr\/wp-content\/uploads\/2025\/02\/7V2A4560-768x512.jpg 768w, https:\/\/jeromegrandieresphotos.fr\/wp-content\/uploads\/2025\/02\/7V2A4560-1536x1024.jpg 1536w, https:\/\/jeromegrandieresphotos.fr\/wp-content\/uploads\/2025\/02\/7V2A4560-600x400.jpg 600w, https:\/\/jeromegrandieresphotos.fr\/wp-content\/uploads\/2025\/02\/7V2A4560.jpg 1600w\" sizes=\"(max-width: 1024px) 100vw, 1024px\" \/><figcaption class=\"blocks-gallery-item__caption\">swift S-1<\/figcaption><\/figure><\/li><\/ul><\/figure>\n<\/div>\n\n\n\n<div class=\"wp-block-column\">\n<figure class=\"wp-block-gallery columns-1 is-cropped\"><ul class=\"blocks-gallery-grid\"><li class=\"blocks-gallery-item\"><figure><img loading=\"lazy\" width=\"1024\" height=\"683\" src=\"http:\/\/jeromegrandieresphotos.fr\/wp-content\/uploads\/2025\/02\/7V2A0848-1024x683.jpg\" alt=\"\" data-id=\"678\" data-full-url=\"http:\/\/jeromegrandieresphotos.fr\/wp-content\/uploads\/2025\/02\/7V2A0848.jpg\" data-link=\"http:\/\/jeromegrandieresphotos.fr\/?attachment_id=678\" class=\"wp-image-678\" srcset=\"https:\/\/jeromegrandieresphotos.fr\/wp-content\/uploads\/2025\/02\/7V2A0848-1024x683.jpg 1024w, https:\/\/jeromegrandieresphotos.fr\/wp-content\/uploads\/2025\/02\/7V2A0848-300x200.jpg 300w, https:\/\/jeromegrandieresphotos.fr\/wp-content\/uploads\/2025\/02\/7V2A0848-768x512.jpg 768w, https:\/\/jeromegrandieresphotos.fr\/wp-content\/uploads\/2025\/02\/7V2A0848-1536x1024.jpg 1536w, https:\/\/jeromegrandieresphotos.fr\/wp-content\/uploads\/2025\/02\/7V2A0848-600x400.jpg 600w, https:\/\/jeromegrandieresphotos.fr\/wp-content\/uploads\/2025\/02\/7V2A0848.jpg 1600w\" sizes=\"(max-width: 1024px) 100vw, 1024px\" \/><\/figure><\/li><\/ul><\/figure>\n<\/div>\n<\/div>\n\n\n\n<p>L&rsquo; Arm\u00e9e de l&rsquo;air grec a montr\u00e9 toute la vari\u00e9t\u00e9 de  son mat\u00e9riel volant : de l\u00a0\u00bbh\u00e9lico , \u00e0 l&rsquo;avion de guerre \u00e9lectronique Embraer R99. On a pu voir une reconstitution d&rsquo;intervention commando avec les diff\u00e9rents h\u00e9licos op\u00e9rant en Gr\u00e8ce et diff\u00e9rents passages des avions en service dans l&rsquo;arm\u00e9e de l&rsquo;air grecque.<\/p>\n\n\n\n<div class=\"wp-block-columns\">\n<div class=\"wp-block-column\">\n<figure class=\"wp-block-gallery columns-1 is-cropped\"><ul class=\"blocks-gallery-grid\"><li class=\"blocks-gallery-item\"><figure><a href=\"http:\/\/jeromegrandieresphotos.fr\/wp-content\/uploads\/2025\/02\/RY5A2027.jpg\"><img loading=\"lazy\" width=\"1024\" height=\"683\" src=\"http:\/\/jeromegrandieresphotos.fr\/wp-content\/uploads\/2025\/02\/RY5A2027-1024x683.jpg\" alt=\"\" data-id=\"679\" data-full-url=\"http:\/\/jeromegrandieresphotos.fr\/wp-content\/uploads\/2025\/02\/RY5A2027.jpg\" data-link=\"http:\/\/jeromegrandieresphotos.fr\/?attachment_id=679\" class=\"wp-image-679\" srcset=\"https:\/\/jeromegrandieresphotos.fr\/wp-content\/uploads\/2025\/02\/RY5A2027-1024x683.jpg 1024w, https:\/\/jeromegrandieresphotos.fr\/wp-content\/uploads\/2025\/02\/RY5A2027-300x200.jpg 300w, https:\/\/jeromegrandieresphotos.fr\/wp-content\/uploads\/2025\/02\/RY5A2027-768x512.jpg 768w, https:\/\/jeromegrandieresphotos.fr\/wp-content\/uploads\/2025\/02\/RY5A2027-1536x1024.jpg 1536w, https:\/\/jeromegrandieresphotos.fr\/wp-content\/uploads\/2025\/02\/RY5A2027-600x400.jpg 600w, https:\/\/jeromegrandieresphotos.fr\/wp-content\/uploads\/2025\/02\/RY5A2027.jpg 1600w\" sizes=\"(max-width: 1024px) 100vw, 1024px\" \/><\/a><\/figure><\/li><\/ul><\/figure>\n<\/div>\n\n\n\n<div class=\"wp-block-column\">\n<figure class=\"wp-block-gallery columns-1 is-cropped\"><ul class=\"blocks-gallery-grid\"><li class=\"blocks-gallery-item\"><figure><a href=\"http:\/\/jeromegrandieresphotos.fr\/wp-content\/uploads\/2025\/02\/7V2A0430.jpg\"><img loading=\"lazy\" width=\"1024\" height=\"683\" src=\"http:\/\/jeromegrandieresphotos.fr\/wp-content\/uploads\/2025\/02\/7V2A0430-1024x683.jpg\" alt=\"\" data-id=\"680\" data-full-url=\"http:\/\/jeromegrandieresphotos.fr\/wp-content\/uploads\/2025\/02\/7V2A0430.jpg\" data-link=\"http:\/\/jeromegrandieresphotos.fr\/?attachment_id=680\" class=\"wp-image-680\" srcset=\"https:\/\/jeromegrandieresphotos.fr\/wp-content\/uploads\/2025\/02\/7V2A0430-1024x683.jpg 1024w, https:\/\/jeromegrandieresphotos.fr\/wp-content\/uploads\/2025\/02\/7V2A0430-300x200.jpg 300w, https:\/\/jeromegrandieresphotos.fr\/wp-content\/uploads\/2025\/02\/7V2A0430-768x512.jpg 768w, https:\/\/jeromegrandieresphotos.fr\/wp-content\/uploads\/2025\/02\/7V2A0430-1536x1024.jpg 1536w, https:\/\/jeromegrandieresphotos.fr\/wp-content\/uploads\/2025\/02\/7V2A0430-600x400.jpg 600w, https:\/\/jeromegrandieresphotos.fr\/wp-content\/uploads\/2025\/02\/7V2A0430.jpg 1600w\" sizes=\"(max-width: 1024px) 100vw, 1024px\" \/><\/a><\/figure><\/li><\/ul><\/figure>\n<\/div>\n<\/div>\n\n\n\n<div class=\"wp-block-columns\">\n<div class=\"wp-block-column\"><\/div>\n\n\n\n<div class=\"wp-block-column\">\n<figure class=\"wp-block-gallery columns-1 is-cropped\"><ul class=\"blocks-gallery-grid\"><li class=\"blocks-gallery-item\"><figure><a href=\"http:\/\/jeromegrandieresphotos.fr\/wp-content\/uploads\/2025\/02\/7V2A0367.jpg\"><img loading=\"lazy\" width=\"1024\" height=\"683\" src=\"http:\/\/jeromegrandieresphotos.fr\/wp-content\/uploads\/2025\/02\/7V2A0367-1024x683.jpg\" alt=\"\" data-id=\"682\" data-full-url=\"http:\/\/jeromegrandieresphotos.fr\/wp-content\/uploads\/2025\/02\/7V2A0367.jpg\" data-link=\"http:\/\/jeromegrandieresphotos.fr\/?attachment_id=682\" class=\"wp-image-682\" srcset=\"https:\/\/jeromegrandieresphotos.fr\/wp-content\/uploads\/2025\/02\/7V2A0367-1024x683.jpg 1024w, https:\/\/jeromegrandieresphotos.fr\/wp-content\/uploads\/2025\/02\/7V2A0367-300x200.jpg 300w, https:\/\/jeromegrandieresphotos.fr\/wp-content\/uploads\/2025\/02\/7V2A0367-768x512.jpg 768w, https:\/\/jeromegrandieresphotos.fr\/wp-content\/uploads\/2025\/02\/7V2A0367-1536x1024.jpg 1536w, https:\/\/jeromegrandieresphotos.fr\/wp-content\/uploads\/2025\/02\/7V2A0367-600x400.jpg 600w, https:\/\/jeromegrandieresphotos.fr\/wp-content\/uploads\/2025\/02\/7V2A0367.jpg 1600w\" sizes=\"(max-width: 1024px) 100vw, 1024px\" \/><\/a><\/figure><\/li><\/ul><\/figure>\n<\/div>\n\n\n\n<div class=\"wp-block-column\"><\/div>\n<\/div>\n\n\n\n<div class=\"wp-block-columns\">\n<div class=\"wp-block-column\">\n<figure class=\"wp-block-gallery columns-1 is-cropped\"><ul class=\"blocks-gallery-grid\"><li class=\"blocks-gallery-item\"><figure><a href=\"http:\/\/jeromegrandieresphotos.fr\/wp-content\/uploads\/2025\/02\/7V2A4741.jpg\"><img loading=\"lazy\" width=\"1024\" height=\"683\" src=\"http:\/\/jeromegrandieresphotos.fr\/wp-content\/uploads\/2025\/02\/7V2A4741-1024x683.jpg\" alt=\"\" data-id=\"684\" data-full-url=\"http:\/\/jeromegrandieresphotos.fr\/wp-content\/uploads\/2025\/02\/7V2A4741.jpg\" data-link=\"http:\/\/jeromegrandieresphotos.fr\/?attachment_id=684\" class=\"wp-image-684\" srcset=\"https:\/\/jeromegrandieresphotos.fr\/wp-content\/uploads\/2025\/02\/7V2A4741-1024x683.jpg 1024w, https:\/\/jeromegrandieresphotos.fr\/wp-content\/uploads\/2025\/02\/7V2A4741-300x200.jpg 300w, https:\/\/jeromegrandieresphotos.fr\/wp-content\/uploads\/2025\/02\/7V2A4741-768x512.jpg 768w, https:\/\/jeromegrandieresphotos.fr\/wp-content\/uploads\/2025\/02\/7V2A4741-1536x1024.jpg 1536w, https:\/\/jeromegrandieresphotos.fr\/wp-content\/uploads\/2025\/02\/7V2A4741-600x400.jpg 600w, https:\/\/jeromegrandieresphotos.fr\/wp-content\/uploads\/2025\/02\/7V2A4741.jpg 1600w\" sizes=\"(max-width: 1024px) 100vw, 1024px\" \/><\/a><\/figure><\/li><\/ul><\/figure>\n<\/div>\n\n\n\n<div class=\"wp-block-column\">\n<figure class=\"wp-block-gallery columns-1 is-cropped\"><ul class=\"blocks-gallery-grid\"><li class=\"blocks-gallery-item\"><figure><a href=\"http:\/\/jeromegrandieresphotos.fr\/wp-content\/uploads\/2025\/02\/7V2A0331.jpg\"><img loading=\"lazy\" width=\"1024\" height=\"683\" src=\"http:\/\/jeromegrandieresphotos.fr\/wp-content\/uploads\/2025\/02\/7V2A0331-1024x683.jpg\" alt=\"\" data-id=\"685\" data-full-url=\"http:\/\/jeromegrandieresphotos.fr\/wp-content\/uploads\/2025\/02\/7V2A0331.jpg\" data-link=\"http:\/\/jeromegrandieresphotos.fr\/?attachment_id=685\" class=\"wp-image-685\" srcset=\"https:\/\/jeromegrandieresphotos.fr\/wp-content\/uploads\/2025\/02\/7V2A0331-1024x683.jpg 1024w, https:\/\/jeromegrandieresphotos.fr\/wp-content\/uploads\/2025\/02\/7V2A0331-300x200.jpg 300w, https:\/\/jeromegrandieresphotos.fr\/wp-content\/uploads\/2025\/02\/7V2A0331-768x512.jpg 768w, https:\/\/jeromegrandieresphotos.fr\/wp-content\/uploads\/2025\/02\/7V2A0331-1536x1024.jpg 1536w, https:\/\/jeromegrandieresphotos.fr\/wp-content\/uploads\/2025\/02\/7V2A0331-600x400.jpg 600w, https:\/\/jeromegrandieresphotos.fr\/wp-content\/uploads\/2025\/02\/7V2A0331.jpg 1600w\" sizes=\"(max-width: 1024px) 100vw, 1024px\" \/><\/a><\/figure><\/li><\/ul><\/figure>\n<\/div>\n<\/div>\n\n\n\n<p><\/p>\n\n\n\n<div class=\"wp-block-columns\">\n<div class=\"wp-block-column\">\n<figure class=\"wp-block-gallery columns-1 is-cropped\"><ul class=\"blocks-gallery-grid\"><li class=\"blocks-gallery-item\"><figure><a href=\"http:\/\/jeromegrandieresphotos.fr\/wp-content\/uploads\/2025\/02\/7V2A0658.jpg\"><img src=\"blob:https:\/\/jeromegrandieresphotos.fr\/25ea3c80-3faa-43fd-b016-9e3199da3596\" alt=\"\" data-id=\"686\" data-full-url=\"http:\/\/jeromegrandieresphotos.fr\/wp-content\/uploads\/2025\/02\/7V2A0658.jpg\" data-link=\"http:\/\/jeromegrandieresphotos.fr\/?attachment_id=686\" class=\"wp-image-686\"\/><\/a><\/figure><\/li><\/ul><\/figure>\n<\/div>\n\n\n\n<div class=\"wp-block-column\">\n<figure class=\"wp-block-gallery columns-1 is-cropped\"><ul class=\"blocks-gallery-grid\"><li class=\"blocks-gallery-item\"><figure><a href=\"http:\/\/jeromegrandieresphotos.fr\/wp-content\/uploads\/2025\/02\/7V2A5900.jpg\"><img loading=\"lazy\" width=\"1024\" height=\"683\" src=\"http:\/\/jeromegrandieresphotos.fr\/wp-content\/uploads\/2025\/02\/7V2A5900-1024x683.jpg\" alt=\"\" data-id=\"687\" data-full-url=\"http:\/\/jeromegrandieresphotos.fr\/wp-content\/uploads\/2025\/02\/7V2A5900.jpg\" data-link=\"http:\/\/jeromegrandieresphotos.fr\/?attachment_id=687\" class=\"wp-image-687\" srcset=\"https:\/\/jeromegrandieresphotos.fr\/wp-content\/uploads\/2025\/02\/7V2A5900-1024x683.jpg 1024w, https:\/\/jeromegrandieresphotos.fr\/wp-content\/uploads\/2025\/02\/7V2A5900-300x200.jpg 300w, https:\/\/jeromegrandieresphotos.fr\/wp-content\/uploads\/2025\/02\/7V2A5900-768x512.jpg 768w, https:\/\/jeromegrandieresphotos.fr\/wp-content\/uploads\/2025\/02\/7V2A5900-1536x1024.jpg 1536w, https:\/\/jeromegrandieresphotos.fr\/wp-content\/uploads\/2025\/02\/7V2A5900-600x400.jpg 600w, https:\/\/jeromegrandieresphotos.fr\/wp-content\/uploads\/2025\/02\/7V2A5900.jpg 1600w\" sizes=\"(max-width: 1024px) 100vw, 1024px\" \/><\/a><\/figure><\/li><\/ul><\/figure>\n<\/div>\n\n\n\n<div class=\"wp-block-column\">\n<figure class=\"wp-block-gallery columns-1 is-cropped\"><ul class=\"blocks-gallery-grid\"><li class=\"blocks-gallery-item\"><figure><a href=\"http:\/\/jeromegrandieresphotos.fr\/wp-content\/uploads\/2025\/02\/7V2A1945.jpg\"><img loading=\"lazy\" width=\"1024\" height=\"683\" src=\"http:\/\/jeromegrandieresphotos.fr\/wp-content\/uploads\/2025\/02\/7V2A1945-1024x683.jpg\" alt=\"\" data-id=\"688\" data-full-url=\"http:\/\/jeromegrandieresphotos.fr\/wp-content\/uploads\/2025\/02\/7V2A1945.jpg\" data-link=\"http:\/\/jeromegrandieresphotos.fr\/?attachment_id=688\" class=\"wp-image-688\" srcset=\"https:\/\/jeromegrandieresphotos.fr\/wp-content\/uploads\/2025\/02\/7V2A1945-1024x683.jpg 1024w, https:\/\/jeromegrandieresphotos.fr\/wp-content\/uploads\/2025\/02\/7V2A1945-300x200.jpg 300w, https:\/\/jeromegrandieresphotos.fr\/wp-content\/uploads\/2025\/02\/7V2A1945-768x512.jpg 768w, https:\/\/jeromegrandieresphotos.fr\/wp-content\/uploads\/2025\/02\/7V2A1945-1536x1024.jpg 1536w, https:\/\/jeromegrandieresphotos.fr\/wp-content\/uploads\/2025\/02\/7V2A1945-600x400.jpg 600w, https:\/\/jeromegrandieresphotos.fr\/wp-content\/uploads\/2025\/02\/7V2A1945.jpg 1600w\" sizes=\"(max-width: 1024px) 100vw, 1024px\" \/><\/a><\/figure><\/li><\/ul><\/figure>\n<\/div>\n<\/div>\n\n\n\n<p>Ce qui a provoqu\u00e9 le d\u00e9placement pour l&rsquo;ATh\u00e8nes Flying Week, c&rsquo;est la pr\u00e9sence de Phantom au programme. Il faut en profiter car ce type d&rsquo;appareil ne sera bient\u00f4t plus en service dans l&rsquo;arm\u00e9e de l&rsquo;air grecque.<\/p>\n\n\n\n<div class=\"wp-block-columns\">\n<div class=\"wp-block-column\">\n<figure class=\"wp-block-gallery columns-1 is-cropped\"><ul class=\"blocks-gallery-grid\"><li class=\"blocks-gallery-item\"><figure><a href=\"http:\/\/jeromegrandieresphotos.fr\/wp-content\/uploads\/2025\/02\/7V2A5665.jpg\"><img loading=\"lazy\" width=\"1024\" height=\"683\" src=\"http:\/\/jeromegrandieresphotos.fr\/wp-content\/uploads\/2025\/02\/7V2A5665-1024x683.jpg\" alt=\"\" data-id=\"689\" data-full-url=\"http:\/\/jeromegrandieresphotos.fr\/wp-content\/uploads\/2025\/02\/7V2A5665.jpg\" data-link=\"http:\/\/jeromegrandieresphotos.fr\/?attachment_id=689\" class=\"wp-image-689\" srcset=\"https:\/\/jeromegrandieresphotos.fr\/wp-content\/uploads\/2025\/02\/7V2A5665-1024x683.jpg 1024w, https:\/\/jeromegrandieresphotos.fr\/wp-content\/uploads\/2025\/02\/7V2A5665-300x200.jpg 300w, https:\/\/jeromegrandieresphotos.fr\/wp-content\/uploads\/2025\/02\/7V2A5665-768x512.jpg 768w, https:\/\/jeromegrandieresphotos.fr\/wp-content\/uploads\/2025\/02\/7V2A5665-1536x1024.jpg 1536w, https:\/\/jeromegrandieresphotos.fr\/wp-content\/uploads\/2025\/02\/7V2A5665-600x400.jpg 600w, https:\/\/jeromegrandieresphotos.fr\/wp-content\/uploads\/2025\/02\/7V2A5665.jpg 1600w\" sizes=\"(max-width: 1024px) 100vw, 1024px\" \/><\/a><\/figure><\/li><\/ul><\/figure>\n<\/div>\n\n\n\n<div class=\"wp-block-column\">\n<figure class=\"wp-block-gallery columns-1 is-cropped\"><ul class=\"blocks-gallery-grid\"><li class=\"blocks-gallery-item\"><figure><a href=\"http:\/\/jeromegrandieresphotos.fr\/wp-content\/uploads\/2025\/02\/7V2A5620.jpg\"><img loading=\"lazy\" width=\"1024\" height=\"683\" src=\"http:\/\/jeromegrandieresphotos.fr\/wp-content\/uploads\/2025\/02\/7V2A5620-1024x683.jpg\" alt=\"\" data-id=\"690\" data-full-url=\"http:\/\/jeromegrandieresphotos.fr\/wp-content\/uploads\/2025\/02\/7V2A5620.jpg\" data-link=\"http:\/\/jeromegrandieresphotos.fr\/?attachment_id=690\" class=\"wp-image-690\" srcset=\"https:\/\/jeromegrandieresphotos.fr\/wp-content\/uploads\/2025\/02\/7V2A5620-1024x683.jpg 1024w, https:\/\/jeromegrandieresphotos.fr\/wp-content\/uploads\/2025\/02\/7V2A5620-300x200.jpg 300w, https:\/\/jeromegrandieresphotos.fr\/wp-content\/uploads\/2025\/02\/7V2A5620-768x512.jpg 768w, https:\/\/jeromegrandieresphotos.fr\/wp-content\/uploads\/2025\/02\/7V2A5620-1536x1024.jpg 1536w, https:\/\/jeromegrandieresphotos.fr\/wp-content\/uploads\/2025\/02\/7V2A5620-600x400.jpg 600w, https:\/\/jeromegrandieresphotos.fr\/wp-content\/uploads\/2025\/02\/7V2A5620.jpg 1600w\" sizes=\"(max-width: 1024px) 100vw, 1024px\" \/><\/a><\/figure><\/li><\/ul><\/figure>\n<\/div>\n<\/div>\n\n\n\n<p>Un petit vol patrouille d&rsquo;un avion radar, d&rsquo;un F16 et d&rsquo;un Rafale avant d&rsquo;avoir un dog-fight entre le F16 et le Rafale.<\/p>\n\n\n\n<div class=\"wp-block-columns\">\n<div class=\"wp-block-column\">\n<div class=\"wp-block-columns\">\n<div class=\"wp-block-column\"><\/div>\n\n\n\n<div class=\"wp-block-column\"><\/div>\n<\/div>\n<\/div>\n<\/div>\n\n\n\n<div class=\"wp-block-columns\">\n<div class=\"wp-block-column\">\n<figure class=\"wp-block-gallery columns-1 is-cropped\"><ul class=\"blocks-gallery-grid\"><li class=\"blocks-gallery-item\"><figure><a href=\"https:\/\/jeromegrandieresphotos.fr\/wp-content\/uploads\/2025\/02\/RY5A3511.jpg\"><img loading=\"lazy\" width=\"1024\" height=\"683\" src=\"https:\/\/jeromegrandieresphotos.fr\/wp-content\/uploads\/2025\/02\/RY5A3511-1024x683.jpg\" alt=\"\" data-id=\"711\" data-full-url=\"https:\/\/jeromegrandieresphotos.fr\/wp-content\/uploads\/2025\/02\/RY5A3511.jpg\" data-link=\"https:\/\/jeromegrandieresphotos.fr\/?attachment_id=711\" class=\"wp-image-711\" srcset=\"https:\/\/jeromegrandieresphotos.fr\/wp-content\/uploads\/2025\/02\/RY5A3511-1024x683.jpg 1024w, https:\/\/jeromegrandieresphotos.fr\/wp-content\/uploads\/2025\/02\/RY5A3511-300x200.jpg 300w, https:\/\/jeromegrandieresphotos.fr\/wp-content\/uploads\/2025\/02\/RY5A3511-768x512.jpg 768w, https:\/\/jeromegrandieresphotos.fr\/wp-content\/uploads\/2025\/02\/RY5A3511-1536x1024.jpg 1536w, https:\/\/jeromegrandieresphotos.fr\/wp-content\/uploads\/2025\/02\/RY5A3511-600x400.jpg 600w, https:\/\/jeromegrandieresphotos.fr\/wp-content\/uploads\/2025\/02\/RY5A3511.jpg 1600w\" sizes=\"(max-width: 1024px) 100vw, 1024px\" \/><\/a><figcaption class=\"blocks-gallery-item__caption\">Embraer R99 en formation avec F16 et Rafale<br><\/figcaption><\/figure><\/li><\/ul><\/figure>\n<\/div>\n\n\n\n<div class=\"wp-block-column\">\n<figure class=\"wp-block-gallery columns-1 is-cropped\"><ul class=\"blocks-gallery-grid\"><li class=\"blocks-gallery-item\"><figure><a href=\"https:\/\/jeromegrandieresphotos.fr\/wp-content\/uploads\/2025\/02\/7V2A1799-1.jpg\"><img loading=\"lazy\" width=\"1024\" height=\"683\" src=\"https:\/\/jeromegrandieresphotos.fr\/wp-content\/uploads\/2025\/02\/7V2A1799-1-1024x683.jpg\" alt=\"\" data-id=\"712\" data-full-url=\"https:\/\/jeromegrandieresphotos.fr\/wp-content\/uploads\/2025\/02\/7V2A1799-1.jpg\" data-link=\"https:\/\/jeromegrandieresphotos.fr\/?attachment_id=712\" class=\"wp-image-712\" srcset=\"https:\/\/jeromegrandieresphotos.fr\/wp-content\/uploads\/2025\/02\/7V2A1799-1-1024x683.jpg 1024w, https:\/\/jeromegrandieresphotos.fr\/wp-content\/uploads\/2025\/02\/7V2A1799-1-300x200.jpg 300w, https:\/\/jeromegrandieresphotos.fr\/wp-content\/uploads\/2025\/02\/7V2A1799-1-768x512.jpg 768w, https:\/\/jeromegrandieresphotos.fr\/wp-content\/uploads\/2025\/02\/7V2A1799-1-1536x1024.jpg 1536w, https:\/\/jeromegrandieresphotos.fr\/wp-content\/uploads\/2025\/02\/7V2A1799-1-600x400.jpg 600w, https:\/\/jeromegrandieresphotos.fr\/wp-content\/uploads\/2025\/02\/7V2A1799-1.jpg 1600w\" sizes=\"(max-width: 1024px) 100vw, 1024px\" \/><\/a><\/figure><\/li><\/ul><\/figure>\n<\/div>\n\n\n\n<div class=\"wp-block-column\">\n<figure class=\"wp-block-gallery columns-1 is-cropped\"><ul class=\"blocks-gallery-grid\"><li class=\"blocks-gallery-item\"><figure><a href=\"https:\/\/jeromegrandieresphotos.fr\/wp-content\/uploads\/2025\/02\/7V2A6426-1.jpg\"><img loading=\"lazy\" width=\"1024\" height=\"682\" src=\"https:\/\/jeromegrandieresphotos.fr\/wp-content\/uploads\/2025\/02\/7V2A6426-1-1024x682.jpg\" alt=\"\" data-id=\"713\" data-full-url=\"https:\/\/jeromegrandieresphotos.fr\/wp-content\/uploads\/2025\/02\/7V2A6426-1.jpg\" data-link=\"https:\/\/jeromegrandieresphotos.fr\/?attachment_id=713\" class=\"wp-image-713\" srcset=\"https:\/\/jeromegrandieresphotos.fr\/wp-content\/uploads\/2025\/02\/7V2A6426-1-1024x682.jpg 1024w, https:\/\/jeromegrandieresphotos.fr\/wp-content\/uploads\/2025\/02\/7V2A6426-1-300x200.jpg 300w, https:\/\/jeromegrandieresphotos.fr\/wp-content\/uploads\/2025\/02\/7V2A6426-1-768x512.jpg 768w, https:\/\/jeromegrandieresphotos.fr\/wp-content\/uploads\/2025\/02\/7V2A6426-1-1536x1024.jpg 1536w, https:\/\/jeromegrandieresphotos.fr\/wp-content\/uploads\/2025\/02\/7V2A6426-1-600x400.jpg 600w, https:\/\/jeromegrandieresphotos.fr\/wp-content\/uploads\/2025\/02\/7V2A6426-1.jpg 2000w\" sizes=\"(max-width: 1024px) 100vw, 1024px\" \/><\/a><\/figure><\/li><\/ul><\/figure>\n<\/div>\n<\/div>\n\n\n\n<p><\/p>\n\n\n\n<div class=\"wp-block-columns\">\n<div class=\"wp-block-column\">\n<figure class=\"wp-block-gallery columns-0 is-cropped\"><ul class=\"blocks-gallery-grid\"><\/ul><\/figure>\n<\/div>\n\n\n\n<div class=\"wp-block-column\"><\/div>\n\n\n\n<div class=\"wp-block-column\"><\/div>\n<\/div>\n\n\n\n<p>Le samedi soir le solo F16 Grec nous a fait une d\u00e9mo sunset magnifique <\/p>\n\n\n\n<div class=\"wp-block-columns\">\n<div class=\"wp-block-column\">\n<figure class=\"wp-block-gallery columns-1 is-cropped\"><ul class=\"blocks-gallery-grid\"><li class=\"blocks-gallery-item\"><figure><a href=\"http:\/\/jeromegrandieresphotos.fr\/wp-content\/uploads\/2025\/02\/7V2A3436.jpg\"><img loading=\"lazy\" width=\"1024\" height=\"683\" src=\"http:\/\/jeromegrandieresphotos.fr\/wp-content\/uploads\/2025\/02\/7V2A3436-1024x683.jpg\" alt=\"\" data-id=\"699\" data-full-url=\"http:\/\/jeromegrandieresphotos.fr\/wp-content\/uploads\/2025\/02\/7V2A3436.jpg\" data-link=\"http:\/\/jeromegrandieresphotos.fr\/?attachment_id=699\" class=\"wp-image-699\" srcset=\"https:\/\/jeromegrandieresphotos.fr\/wp-content\/uploads\/2025\/02\/7V2A3436-1024x683.jpg 1024w, https:\/\/jeromegrandieresphotos.fr\/wp-content\/uploads\/2025\/02\/7V2A3436-300x200.jpg 300w, https:\/\/jeromegrandieresphotos.fr\/wp-content\/uploads\/2025\/02\/7V2A3436-768x512.jpg 768w, https:\/\/jeromegrandieresphotos.fr\/wp-content\/uploads\/2025\/02\/7V2A3436-1536x1024.jpg 1536w, https:\/\/jeromegrandieresphotos.fr\/wp-content\/uploads\/2025\/02\/7V2A3436-600x400.jpg 600w, https:\/\/jeromegrandieresphotos.fr\/wp-content\/uploads\/2025\/02\/7V2A3436.jpg 1600w\" sizes=\"(max-width: 1024px) 100vw, 1024px\" \/><\/a><\/figure><\/li><\/ul><\/figure>\n<\/div>\n\n\n\n<div class=\"wp-block-column\">\n<figure class=\"wp-block-gallery columns-1 is-cropped\"><ul class=\"blocks-gallery-grid\"><li class=\"blocks-gallery-item\"><figure><a href=\"http:\/\/jeromegrandieresphotos.fr\/wp-content\/uploads\/2025\/02\/7V2A3989.jpg\"><img loading=\"lazy\" width=\"1024\" height=\"683\" src=\"http:\/\/jeromegrandieresphotos.fr\/wp-content\/uploads\/2025\/02\/7V2A3989-1024x683.jpg\" alt=\"\" data-id=\"700\" data-full-url=\"http:\/\/jeromegrandieresphotos.fr\/wp-content\/uploads\/2025\/02\/7V2A3989.jpg\" data-link=\"http:\/\/jeromegrandieresphotos.fr\/?attachment_id=700\" class=\"wp-image-700\" srcset=\"https:\/\/jeromegrandieresphotos.fr\/wp-content\/uploads\/2025\/02\/7V2A3989-1024x683.jpg 1024w, https:\/\/jeromegrandieresphotos.fr\/wp-content\/uploads\/2025\/02\/7V2A3989-300x200.jpg 300w, https:\/\/jeromegrandieresphotos.fr\/wp-content\/uploads\/2025\/02\/7V2A3989-768x512.jpg 768w, https:\/\/jeromegrandieresphotos.fr\/wp-content\/uploads\/2025\/02\/7V2A3989-1536x1024.jpg 1536w, https:\/\/jeromegrandieresphotos.fr\/wp-content\/uploads\/2025\/02\/7V2A3989-600x400.jpg 600w, https:\/\/jeromegrandieresphotos.fr\/wp-content\/uploads\/2025\/02\/7V2A3989.jpg 1600w\" sizes=\"(max-width: 1024px) 100vw, 1024px\" \/><\/a><\/figure><\/li><\/ul><\/figure>\n<\/div>\n<\/div>\n\n\n\n<div class=\"wp-block-columns\">\n<div class=\"wp-block-column\">\n<figure class=\"wp-block-gallery columns-0 is-cropped\"><ul class=\"blocks-gallery-grid\"><\/ul><\/figure>\n<\/div>\n<\/div>\n\n\n\n<p>Une pr\u00e9sence \u00e9trang\u00e8re de choix pour les Grec , mais tr\u00e8s  famili\u00e8re pour nous fran\u00e7ais, la patrouille Requin Mike avec ces deux rafales de la basse 113 de Saint Dizier.<\/p>\n\n\n\n<div class=\"wp-block-columns\">\n<div class=\"wp-block-column\">\n<figure class=\"wp-block-gallery columns-1 is-cropped\"><ul class=\"blocks-gallery-grid\"><li class=\"blocks-gallery-item\"><figure><a href=\"http:\/\/jeromegrandieresphotos.fr\/wp-content\/uploads\/2025\/02\/7V2A2295.jpg\"><img loading=\"lazy\" width=\"1024\" height=\"683\" src=\"http:\/\/jeromegrandieresphotos.fr\/wp-content\/uploads\/2025\/02\/7V2A2295-1024x683.jpg\" alt=\"\" data-id=\"696\" data-full-url=\"http:\/\/jeromegrandieresphotos.fr\/wp-content\/uploads\/2025\/02\/7V2A2295.jpg\" data-link=\"http:\/\/jeromegrandieresphotos.fr\/?attachment_id=696\" class=\"wp-image-696\" srcset=\"https:\/\/jeromegrandieresphotos.fr\/wp-content\/uploads\/2025\/02\/7V2A2295-1024x683.jpg 1024w, https:\/\/jeromegrandieresphotos.fr\/wp-content\/uploads\/2025\/02\/7V2A2295-300x200.jpg 300w, https:\/\/jeromegrandieresphotos.fr\/wp-content\/uploads\/2025\/02\/7V2A2295-768x512.jpg 768w, https:\/\/jeromegrandieresphotos.fr\/wp-content\/uploads\/2025\/02\/7V2A2295-1536x1024.jpg 1536w, https:\/\/jeromegrandieresphotos.fr\/wp-content\/uploads\/2025\/02\/7V2A2295-600x400.jpg 600w, https:\/\/jeromegrandieresphotos.fr\/wp-content\/uploads\/2025\/02\/7V2A2295.jpg 1600w\" sizes=\"(max-width: 1024px) 100vw, 1024px\" \/><\/a><\/figure><\/li><\/ul><\/figure>\n<\/div>\n\n\n\n<div class=\"wp-block-column\">\n<figure class=\"wp-block-gallery columns-1 is-cropped\"><ul class=\"blocks-gallery-grid\"><li class=\"blocks-gallery-item\"><figure><a href=\"http:\/\/jeromegrandieresphotos.fr\/wp-content\/uploads\/2025\/02\/7V2A2455.jpg\"><img loading=\"lazy\" width=\"1024\" height=\"683\" src=\"http:\/\/jeromegrandieresphotos.fr\/wp-content\/uploads\/2025\/02\/7V2A2455-1024x683.jpg\" alt=\"\" data-id=\"697\" data-full-url=\"http:\/\/jeromegrandieresphotos.fr\/wp-content\/uploads\/2025\/02\/7V2A2455.jpg\" data-link=\"http:\/\/jeromegrandieresphotos.fr\/?attachment_id=697\" class=\"wp-image-697\" srcset=\"https:\/\/jeromegrandieresphotos.fr\/wp-content\/uploads\/2025\/02\/7V2A2455-1024x683.jpg 1024w, https:\/\/jeromegrandieresphotos.fr\/wp-content\/uploads\/2025\/02\/7V2A2455-300x200.jpg 300w, https:\/\/jeromegrandieresphotos.fr\/wp-content\/uploads\/2025\/02\/7V2A2455-768x512.jpg 768w, https:\/\/jeromegrandieresphotos.fr\/wp-content\/uploads\/2025\/02\/7V2A2455-1536x1024.jpg 1536w, https:\/\/jeromegrandieresphotos.fr\/wp-content\/uploads\/2025\/02\/7V2A2455-600x400.jpg 600w, https:\/\/jeromegrandieresphotos.fr\/wp-content\/uploads\/2025\/02\/7V2A2455.jpg 1600w\" sizes=\"(max-width: 1024px) 100vw, 1024px\" \/><\/a><\/figure><\/li><\/ul><\/figure>\n<\/div>\n\n\n\n<div class=\"wp-block-column\">\n<figure class=\"wp-block-gallery columns-1 is-cropped\"><ul class=\"blocks-gallery-grid\"><li class=\"blocks-gallery-item\"><figure><a href=\"http:\/\/jeromegrandieresphotos.fr\/wp-content\/uploads\/2025\/02\/7V2A6356.jpg\"><img loading=\"lazy\" width=\"1024\" height=\"683\" src=\"http:\/\/jeromegrandieresphotos.fr\/wp-content\/uploads\/2025\/02\/7V2A6356-1024x683.jpg\" alt=\"\" data-id=\"698\" data-full-url=\"http:\/\/jeromegrandieresphotos.fr\/wp-content\/uploads\/2025\/02\/7V2A6356.jpg\" data-link=\"http:\/\/jeromegrandieresphotos.fr\/?attachment_id=698\" class=\"wp-image-698\" srcset=\"https:\/\/jeromegrandieresphotos.fr\/wp-content\/uploads\/2025\/02\/7V2A6356-1024x683.jpg 1024w, https:\/\/jeromegrandieresphotos.fr\/wp-content\/uploads\/2025\/02\/7V2A6356-300x200.jpg 300w, https:\/\/jeromegrandieresphotos.fr\/wp-content\/uploads\/2025\/02\/7V2A6356-768x512.jpg 768w, https:\/\/jeromegrandieresphotos.fr\/wp-content\/uploads\/2025\/02\/7V2A6356-1536x1024.jpg 1536w, https:\/\/jeromegrandieresphotos.fr\/wp-content\/uploads\/2025\/02\/7V2A6356-600x400.jpg 600w, https:\/\/jeromegrandieresphotos.fr\/wp-content\/uploads\/2025\/02\/7V2A6356.jpg 1600w\" sizes=\"(max-width: 1024px) 100vw, 1024px\" \/><\/a><\/figure><\/li><\/ul><\/figure>\n<\/div>\n<\/div>\n\n\n\n<p>spit<\/p>\n\n\n\n<div class=\"wp-block-columns\">\n<div class=\"wp-block-column\">\n<figure class=\"wp-block-gallery columns-0 is-cropped\"><ul class=\"blocks-gallery-grid\"><\/ul><\/figure>\n<\/div>\n\n\n\n<div class=\"wp-block-column\"><\/div>\n\n\n\n<div class=\"wp-block-column\"><\/div>\n<\/div>\n\n\n\n<p><\/p>\n","protected":false},"excerpt":{"rendered":"<p>Ce Meeting s&rsquo;est d\u00e9roul\u00e9 les 14 et 15 septembre, sur la base de Tanagra ( au nord d&rsquo;Ath\u00e8nes, \u00e0 70<\/p>\n","protected":false},"author":1,"featured_media":690,"comment_status":"closed","ping_status":"open","sticky":false,"template":"","format":"standard","meta":{"pgc_sgb_lightbox_settings":""},"categories":[1],"tags":[],"_links":{"self":[{"href":"https:\/\/jeromegrandieresphotos.fr\/index.php\/wp-json\/wp\/v2\/posts\/626"}],"collection":[{"href":"https:\/\/jeromegrandieresphotos.fr\/index.php\/wp-json\/wp\/v2\/posts"}],"about":[{"href":"https:\/\/jeromegrandieresphotos.fr\/index.php\/wp-json\/wp\/v2\/types\/post"}],"author":[{"embeddable":true,"href":"https:\/\/jeromegrandieresphotos.fr\/index.php\/wp-json\/wp\/v2\/users\/1"}],"replies":[{"embeddable":true,"href":"https:\/\/jeromegrandieresphotos.fr\/index.php\/wp-json\/wp\/v2\/comments?post=626"}],"version-history":[{"count":35,"href":"https:\/\/jeromegrandieresphotos.fr\/index.php\/wp-json\/wp\/v2\/posts\/626\/revisions"}],"predecessor-version":[{"id":740,"href":"https:\/\/jeromegrandieresphotos.fr\/index.php\/wp-json\/wp\/v2\/posts\/626\/revisions\/740"}],"wp:featuredmedia":[{"embeddable":true,"href":"https:\/\/jeromegrandieresphotos.fr\/index.php\/wp-json\/wp\/v2\/media\/690"}],"wp:attachment":[{"href":"https:\/\/jeromegrandieresphotos.fr\/index.php\/wp-json\/wp\/v2\/media?parent=626"}],"wp:term":[{"taxonomy":"category","embeddable":true,"href":"https:\/\/jeromegrandieresphotos.fr\/index.php\/wp-json\/wp\/v2\/categories?post=626"},{"taxonomy":"post_tag","embeddable":true,"href":"https:\/\/jeromegrandieresphotos.fr\/index.php\/wp-json\/wp\/v2\/tags?post=626"}],"curies":[{"name":"wp","href":"https:\/\/api.w.org\/{rel}","templated":true}]}}